{"id":61018,"date":"2019-09-13T08:09:35","date_gmt":"2019-09-13T12:09:35","guid":{"rendered":"https:\/\/linitiative.ca\/International\/lelection-pour-abriter-lag-de-lomt-un-grand-moment\/"},"modified":"2019-09-13T08:09:35","modified_gmt":"2019-09-13T12:09:35","slug":"lelection-pour-abriter-lag-de-lomt-un-grand-moment","status":"publish","type":"post","link":"https:\/\/linitiative.ca\/International\/lelection-pour-abriter-lag-de-lomt-un-grand-moment\/","title":{"rendered":"L\u2019\u00e9lection pour abriter l\u2019AG de l\u2019OMT, un \u00ab\u00a0grand moment\u00a0\u00bb"},"content":{"rendered":"<div readability=\"38\">\n<p>Saint-P\u00e9tersbourg- L\u2019\u00e9lection du Maroc et de la ville de Marrakech pour abriter la 24\u00e8me Assembl\u00e9e g\u00e9n\u00e9rale (AG) de l\u2019Organisation mondiale du Tourisme (OMT) est un \u00ab\u00a0grand moment\u00a0\u00bb, a affirm\u00e9 la secr\u00e9taire d\u2019Etat au Tourisme, Mme Lamia Boutaleb, soulignant que ce choix permettra au Royaume de mettre en avant son positionnement comme l\u2019une des plus importantes destinations touristiques mondiales.<\/p>\n<\/div>\n<div readability=\"76\">\n<p>\u00ab\u00a0C\u2019est un grand moment pour le Maroc qui a \u00e9t\u00e9 aujourd\u2019hui reconnu par ses pairs en tant que destination touristique de premier plan\u00a0\u00bb, a soulign\u00e9 Mme Boutaleb dans une d\u00e9claration \u00e0 la MAP \u00e0 l\u2019issue du vote attribuant l\u2019organisation de la prochaine Assembl\u00e9e g\u00e9n\u00e9rale de l\u2019OMT \u00e0 la ville de Marrakech.<\/p>\n<p>\u00a0\u00bbAccueillir la 24\u00e8me Assembl\u00e9e g\u00e9n\u00e9rale de l\u2019OMT nous permettra de nous hisser encore plus et d\u2019augmenter les arriv\u00e9es de touristes vers le Royaume\u00a0\u00bb, a-t-elle affirm\u00e9.<\/p>\n<p>Elle a not\u00e9 que le fait que le Royaume ait remport\u00e9 76 voix \u00ab\u00a0d\u00e9montre toute l\u2019amiti\u00e9 que nous portent ces pays et constitue une reconnaissance du statut dont jouit le tourisme marocain dans le monde\u00a0\u00bb.<\/p>\n<p>Rendant hommage \u00e0 la diplomatie marocaine et particuli\u00e8rement \u00e0 l\u2019ambassade du Maroc en Russie, Mme Boutaleb a relev\u00e9 que \u00ab\u00a0la candidature marocaine pour abriter cet \u00e9v\u00e9nement majeur a \u00e9t\u00e9 vivement soutenue et men\u00e9e au plus haut niveau\u00a0\u00bb.<\/p>\n<p>Le Maroc a \u00e9t\u00e9\u00a0choisi, jeudi \u00e0 Saint-P\u00e9tersbourg, comme pays h\u00f4te de la 24\u00e8me Assembl\u00e9e g\u00e9n\u00e9rale de l\u2019OMT en 2021 suite au vote des 107 d\u00e9l\u00e9gations participant \u00e0 la 23\u00e8me Assembl\u00e9e g\u00e9n\u00e9rale de l\u2019OMT, en recueillant 76 voix, contre 15 pour les Philippines, 13 pour le Kenya et 4 abstentions.<\/p>\n<p>La 23\u00e8 Assembl\u00e9e g\u00e9n\u00e9rale de l\u2019OMT a pour objectif de discuter des tendances les plus importantes dans le d\u00e9veloppement du tourisme mondial et des moyens de garantir une croissance stable et r\u00e9guli\u00e8re du secteur dans les quatre coins du monde.<\/p>\n<p>La d\u00e9l\u00e9gation marocaine participant \u00e0 l\u2019Assembl\u00e9e g\u00e9n\u00e9rale de l\u2019OMT comprend le ministre du Tourisme, du Transport a\u00e9rien, de l\u2019Artisanat et de l\u2019\u00e9conomie sociale et solidaire, M. Mohamed Sajid, la secr\u00e9taire d\u2019Etat au Tourisme, l\u2019ambassadeur du Maroc en Russie, M. Lotfi Bouchaara, ainsi que des cadres du minist\u00e8re du Tourisme, de l\u2019Office national marocain du tourisme (ONMT) et de la Maison de l\u2019artisan.<\/p>\n<\/div>\n<p>Auteur: Mohammed KOURSI<br \/>\n<a href=\"http:\/\/www.mapmarrakech.ma\/fr\/lelection-pour-abriter-lag-de-lomt-un-grand-moment\/\">Cliquez ici pour lire l&rsquo;article depuis sa source.<\/a><\/p>\n","protected":false},"excerpt":{"rendered":"<p>Saint-P\u00e9tersbourg- L\u2019\u00e9lection du Maroc et de la ville de Marrakech pour abriter la 24\u00e8me Assembl\u00e9e g\u00e9n\u00e9rale (AG) de l\u2019Organisation mondiale du Tourisme (OMT) est un \u00ab\u00a0grand moment\u00a0\u00bb, a affirm\u00e9 la secr\u00e9taire d\u2019Etat au Tourisme, Mme Lamia Boutaleb, soulignant que ce choix permettra au Royaume de mettre en avant son positionnement comme l\u2019une des plus importantes [&hellip;]<\/p>\n","protected":false},"author":1788,"featured_media":0,"comment_status":"closed","ping_status":"closed","sticky":false,"template":"","format":"standard","meta":{"fifu_image_url":"","fifu_image_alt":"","footnotes":""},"categories":[54,76],"tags":[],"class_list":["post-61018","post","type-post","status-publish","format-standard","hentry","category-maroc","category-regions"],"_links":{"self":[{"href":"https:\/\/linitiative.ca\/International\/wp-json\/wp\/v2\/posts\/61018","targetHints":{"allow":["GET"]}}],"collection":[{"href":"https:\/\/linitiative.ca\/International\/wp-json\/wp\/v2\/posts"}],"about":[{"href":"https:\/\/linitiative.ca\/International\/wp-json\/wp\/v2\/types\/post"}],"author":[{"embeddable":true,"href":"https:\/\/linitiative.ca\/International\/wp-json\/wp\/v2\/users\/1788"}],"replies":[{"embeddable":true,"href":"https:\/\/linitiative.ca\/International\/wp-json\/wp\/v2\/comments?post=61018"}],"version-history":[{"count":0,"href":"https:\/\/linitiative.ca\/International\/wp-json\/wp\/v2\/posts\/61018\/revisions"}],"wp:attachment":[{"href":"https:\/\/linitiative.ca\/International\/wp-json\/wp\/v2\/media?parent=61018"}],"wp:term":[{"taxonomy":"category","embeddable":true,"href":"https:\/\/linitiative.ca\/International\/wp-json\/wp\/v2\/categories?post=61018"},{"taxonomy":"post_tag","embeddable":true,"href":"https:\/\/linitiative.ca\/International\/wp-json\/wp\/v2\/tags?post=61018"}],"curies":[{"name":"wp","href":"https:\/\/api.w.org\/{rel}","templated":true}]}}