{"id":61019,"date":"2019-09-12T14:59:08","date_gmt":"2019-09-12T18:59:08","guid":{"rendered":"https:\/\/linitiative.ca\/International\/plus-de-49-000-logements-aadl-distribues-depuis-le-debut-de-lannee\/"},"modified":"2019-09-12T14:59:08","modified_gmt":"2019-09-12T18:59:08","slug":"plus-de-49-000-logements-aadl-distribues-depuis-le-debut-de-lannee","status":"publish","type":"post","link":"https:\/\/linitiative.ca\/International\/plus-de-49-000-logements-aadl-distribues-depuis-le-debut-de-lannee\/","title":{"rendered":"Plus de 49.000 logements AADL distribu\u00e9s depuis le d\u00e9but de l\u2019ann\u00e9e"},"content":{"rendered":"<div>\n<div class=\"K2FeedIntroText\">\n<p><strong>SETIF- Plus de 49.000 logements de la formule location-vente ont \u00e9t\u00e9 distribu\u00e9s depuis le d\u00e9but de l\u2019ann\u00e9e \u00e0 travers le pays, a affirm\u00e9 jeudi \u00e0 S\u00e9tif le directeur g\u00e9n\u00e9ral de l\u2019Agence d\u2019am\u00e9lioration et de d\u00e9veloppement du logement (AADL), Sa\u00efd Rouba.<\/strong><\/p>\n<\/div>\n<div class=\"K2FeedFullText\">\n<p>De janvier 2019 \u00e0 ce jour, plus de 49.000 unit\u00e9s AADL ont \u00e9t\u00e9 distribu\u00e9es dans les diverses wilayas et l\u2019op\u00e9ration se poursuit encore, a indiqu\u00e9 le m\u00eame responsable \u00e0 la maison de la culture Houari Boumediene au cours de la c\u00e9r\u00e9monie de 1.500 logements AADL du site Bir Ennessa \u00e0 l\u2019entr\u00e9e Est de la\u00a0ville.<\/p>\n<p>Le responsable de l\u2019agence AADL a \u00e9galement assur\u00e9 que le programme national de cette formule de logements avance \u00e0 \u00ab\u00a0bonne\u00a0\u00bb rythme et ne reste \u00e0 r\u00e9aliser que le programme 2019 qui porte sur 90.000 unit\u00e9s dont l\u2019appel d\u2019offres a \u00e9t\u00e9 lanc\u00e9 et l\u2019ouverture des plis a \u00e9t\u00e9 effectu\u00e9e pour le choix des bureaux d\u2019\u00e9tude.<\/p>\n<\/div>\n<\/div>\n<p>Auteur:<br \/>\n<a href=\"http:\/\/www.aps.dz\/regions\/94339-plus-de-49-000-logements-aadl-distribues-depuis-le-debut-de-l-annee\">Cliquez ici pour lire l&rsquo;article depuis sa source.<\/a><\/p>\n","protected":false},"excerpt":{"rendered":"<p>SETIF- Plus de 49.000 logements de la formule location-vente ont \u00e9t\u00e9 distribu\u00e9s depuis le d\u00e9but de l\u2019ann\u00e9e \u00e0 travers le pays, a affirm\u00e9 jeudi \u00e0 S\u00e9tif le directeur g\u00e9n\u00e9ral de l\u2019Agence d\u2019am\u00e9lioration et de d\u00e9veloppement du logement (AADL), Sa\u00efd Rouba. De janvier 2019 \u00e0 ce jour, plus de 49.000 unit\u00e9s AADL ont \u00e9t\u00e9 distribu\u00e9es dans [&hellip;]<\/p>\n","protected":false},"author":1790,"featured_media":0,"comment_status":"closed","ping_status":"closed","sticky":false,"template":"","format":"standard","meta":{"fifu_image_url":"","fifu_image_alt":"","footnotes":""},"categories":[53,76],"tags":[],"class_list":["post-61019","post","type-post","status-publish","format-standard","hentry","category-algerie","category-regions"],"_links":{"self":[{"href":"https:\/\/linitiative.ca\/International\/wp-json\/wp\/v2\/posts\/61019","targetHints":{"allow":["GET"]}}],"collection":[{"href":"https:\/\/linitiative.ca\/International\/wp-json\/wp\/v2\/posts"}],"about":[{"href":"https:\/\/linitiative.ca\/International\/wp-json\/wp\/v2\/types\/post"}],"author":[{"embeddable":true,"href":"https:\/\/linitiative.ca\/International\/wp-json\/wp\/v2\/users\/1790"}],"replies":[{"embeddable":true,"href":"https:\/\/linitiative.ca\/International\/wp-json\/wp\/v2\/comments?post=61019"}],"version-history":[{"count":0,"href":"https:\/\/linitiative.ca\/International\/wp-json\/wp\/v2\/posts\/61019\/revisions"}],"wp:attachment":[{"href":"https:\/\/linitiative.ca\/International\/wp-json\/wp\/v2\/media?parent=61019"}],"wp:term":[{"taxonomy":"category","embeddable":true,"href":"https:\/\/linitiative.ca\/International\/wp-json\/wp\/v2\/categories?post=61019"},{"taxonomy":"post_tag","embeddable":true,"href":"https:\/\/linitiative.ca\/International\/wp-json\/wp\/v2\/tags?post=61019"}],"curies":[{"name":"wp","href":"https:\/\/api.w.org\/{rel}","templated":true}]}}