{"id":61020,"date":"2019-09-13T04:17:51","date_gmt":"2019-09-13T08:17:51","guid":{"rendered":"https:\/\/linitiative.ca\/International\/des-pluies-torrentielles-a-alger-occasionnant-des-inondations-et-une-paralysie-du-trafic-routier\/"},"modified":"2019-09-13T04:17:51","modified_gmt":"2019-09-13T08:17:51","slug":"des-pluies-torrentielles-a-alger-occasionnant-des-inondations-et-une-paralysie-du-trafic-routier","status":"publish","type":"post","link":"https:\/\/linitiative.ca\/International\/des-pluies-torrentielles-a-alger-occasionnant-des-inondations-et-une-paralysie-du-trafic-routier\/","title":{"rendered":"Des pluies torrentielles \u00e0 Alger occasionnant des inondations et une paralysie du trafic routier"},"content":{"rendered":"<div>\n<div class=\"K2FeedImage\"><img decoding=\"async\" src=\"http:\/\/www.aps.dz\/media\/k2\/items\/cache\/a7523f3dedebcc9ab0e74f373325ef0c_S.jpg\" alt=\"Des pluies torrentielles \u00e0 Alger occasionnant des inondations et une paralysie du trafic routier\"><\/div>\n<div class=\"K2FeedIntroText\">\n<p><strong>ALGER &#8211; Les pluies torrentielles qui se sont abattues, jeudi soir \u00e0 Alger, ont entrain\u00e9 une \u00e9l\u00e9vation du niveau d&rsquo;eau dans les routes et les rues de plusieurs communes ainsi qu&rsquo;une paralysie du trafic routier, a-t-on constat\u00e9.<\/strong><\/p>\n<\/div>\n<div class=\"K2FeedFullText\">\n<p>Les pluies ayant tomb\u00e9 \u00e0 partir de 20H00 (heure locale) ont inond\u00e9 plusieurs rues, des maisons et des locaux commerciaux notamment dans les communes de Bir Mourad Rais, Hydra, Ben Aknoun et Gu\u00e9 de Constantine, Alger centre et Bab el Oued.<\/p>\n<p>Plusieurs v\u00e9hicules ont \u00e9t\u00e9 emport\u00e9s par les flots au niveau de la rue Fr\u00e8res Bouadou \u00e0 Bir Mourad Rais, suscitant panique parmi les habitants, a-t-on constat\u00e9.<\/p>\n<p>Le bidonville \u00a0\u00bb Cit\u00e9 de la Concorde\u00a0\u00bb au niveau de la commune de Gu\u00e9 de Constantine a \u00e9t\u00e9 submerg\u00e9 par les eaux, cr\u00e9ant une grande frayeur parmi les habitants.<\/p>\n<p>Un bulletin m\u00e9t\u00e9orologique sp\u00e9cial (BMS) avait \u00e9t\u00e9 \u00e9mis par les services de l&rsquo;Office national de la m\u00e9t\u00e9orologie (ONM), mettant en garde contre une activit\u00e9 pluvio-orageuse, accompagn\u00e9e parfois de chute de gr\u00eale et de rafales de vent sous orages, affectera, \u00e0 partir de ce jeudi, plusieurs wilayas du pays, avec un niveau de vigilance \u00ab\u00a0orange\u00a0\u00bb.<\/p>\n<p>Valide \u00e0 partir de jeudi, ce BMS concerne les wilayas de Relizane, Chlef, A\u00efn-Defla, Tipaza, Alger, Blida, M\u00e9d\u00e9a, M&rsquo;Sila, Boumerd\u00e8s, Tizi-Ouzou, Bouira, Tiaret, Tissemsilt, Laghouat, Djelfa et Bordj-Bou-Arreridj.<\/p>\n<p>L&rsquo;ONM indique que les cumuls estim\u00e9s atteindront ou d\u00e9passeront localement 40 mm durant la validit\u00e9 du BMS pr\u00e9vu de jeudi soir (18h00) \u00e0 vendredi matin (9h00).<\/p>\n<\/div>\n<\/div>\n<p>Auteur:<br \/>\n<a href=\"http:\/\/www.aps.dz\/regions\/94342-des-pluies-torrentielles-a-alger-occasionnant-des-inondations-et-une-paralysie-du-trafic-routier\">Cliquez ici pour lire l&rsquo;article depuis sa source.<\/a><\/p>\n","protected":false},"excerpt":{"rendered":"<p>ALGER &#8211; Les pluies torrentielles qui se sont abattues, jeudi soir \u00e0 Alger, ont entrain\u00e9 une \u00e9l\u00e9vation du niveau d&rsquo;eau dans les routes et les rues de plusieurs communes ainsi qu&rsquo;une paralysie du trafic routier, a-t-on constat\u00e9. Les pluies ayant tomb\u00e9 \u00e0 partir de 20H00 (heure locale) ont inond\u00e9 plusieurs rues, des maisons et des [&hellip;]<\/p>\n","protected":false},"author":1790,"featured_media":61021,"comment_status":"closed","ping_status":"closed","sticky":false,"template":"","format":"standard","meta":{"fifu_image_url":"","fifu_image_alt":"","footnotes":""},"categories":[53,76],"tags":[],"class_list":["post-61020","post","type-post","status-publish","format-standard","has-post-thumbnail","hentry","category-algerie","category-regions"],"_links":{"self":[{"href":"https:\/\/linitiative.ca\/International\/wp-json\/wp\/v2\/posts\/61020","targetHints":{"allow":["GET"]}}],"collection":[{"href":"https:\/\/linitiative.ca\/International\/wp-json\/wp\/v2\/posts"}],"about":[{"href":"https:\/\/linitiative.ca\/International\/wp-json\/wp\/v2\/types\/post"}],"author":[{"embeddable":true,"href":"https:\/\/linitiative.ca\/International\/wp-json\/wp\/v2\/users\/1790"}],"replies":[{"embeddable":true,"href":"https:\/\/linitiative.ca\/International\/wp-json\/wp\/v2\/comments?post=61020"}],"version-history":[{"count":0,"href":"https:\/\/linitiative.ca\/International\/wp-json\/wp\/v2\/posts\/61020\/revisions"}],"wp:featuredmedia":[{"embeddable":true,"href":"https:\/\/linitiative.ca\/International\/wp-json\/"}],"wp:attachment":[{"href":"https:\/\/linitiative.ca\/International\/wp-json\/wp\/v2\/media?parent=61020"}],"wp:term":[{"taxonomy":"category","embeddable":true,"href":"https:\/\/linitiative.ca\/International\/wp-json\/wp\/v2\/categories?post=61020"},{"taxonomy":"post_tag","embeddable":true,"href":"https:\/\/linitiative.ca\/International\/wp-json\/wp\/v2\/tags?post=61020"}],"curies":[{"name":"wp","href":"https:\/\/api.w.org\/{rel}","templated":true}]}}