{"id":61025,"date":"2019-09-13T10:41:02","date_gmt":"2019-09-13T14:41:02","guid":{"rendered":"https:\/\/linitiative.ca\/International\/alger-le-niveau-des-eaux-pluviales-a-atteint-40-cm-au-niveau-de-plusieurs-communes\/"},"modified":"2019-09-13T10:41:02","modified_gmt":"2019-09-13T14:41:02","slug":"alger-le-niveau-des-eaux-pluviales-a-atteint-40-cm-au-niveau-de-plusieurs-communes","status":"publish","type":"post","link":"https:\/\/linitiative.ca\/International\/alger-le-niveau-des-eaux-pluviales-a-atteint-40-cm-au-niveau-de-plusieurs-communes\/","title":{"rendered":"Alger: le niveau des eaux pluviales a atteint 40 cm au niveau de plusieurs communes"},"content":{"rendered":"<div>\n<div class=\"K2FeedImage\"><img decoding=\"async\" src=\"http:\/\/www.aps.dz\/media\/k2\/items\/cache\/523df9a2cc58060b1c7c3d352f26b86e_S.jpg\" alt=\"Alger: le niveau des eaux pluviales a atteint 40 cm au niveau de plusieurs communes\"><\/div>\n<div class=\"K2FeedIntroText\">\n<p><strong>ALGER &#8211; Le niveau des eaux pluviales qui se sont abattues jeudi soir sur plusieurs communes d&rsquo;Alger a atteint 40 cm , a annonc\u00e9 un responsable de protection civile.<\/strong><\/p>\n<\/div>\n<div class=\"K2FeedFullText\">\n<p>Le charg\u00e9 de communication au niveau de direction de la protection de la wilaya d&rsquo;Alger, le lieutenant Ben Khelfallah a indiqu\u00e9 \u00e0 l&rsquo;APS que \u00ab\u00a017 points d&rsquo;inondation ont \u00e9t\u00e9 enregistr\u00e9s dans les communes suivantes:<\/p>\n<p>Gheraga, Bir Mourad Rais, Baraki, El-Harrach, Bab El Oued, Dar El Beida, Bouzereah, et Bab Ezzouar.<\/p>\n<p>Le niveau des eaux \u00e0 travers ces points indiqu\u00e9s ci-dessus varie entre 5cm et 40 cm, a ajout\u00e9 le m\u00eame responsable.<\/p>\n<p>Il a soulign\u00e9 que la trim\u00e9 qui se situe au niveau de la commune de Bab Ezzouar (Est d&rsquo;Alger) a \u00e9t\u00e9 compl\u00e8tement inond\u00e9e.\u00a0\u00a0<\/p>\n<p>Le m\u00eame responsable qui s&rsquo;est dit attrist\u00e9 par cette situation, consid\u00e8re que \u00ab\u00a0la cause principale de ses inondations est du aux avaloires bouch\u00e9s, soulignant que toutes les unit\u00e9s de la protection civile de la wilaya d&rsquo;Alger ont \u00e9t\u00e9 mobilis\u00e9s\u00a0\u00bb.<\/p>\n<p>Les entr\u00e9es du m\u00e9tro ont \u00e9t\u00e9 envahies par les eaux provocantes l&rsquo;arr\u00eat du service, les eaux ont \u00e9galement envahies les escaliers sup\u00e9rieurs du nouvel a\u00e9roport international Houari Boumediene, ont constat\u00e9 les correspondants de l&rsquo;APS.<\/p>\n<p>Par ailleurs, les services de la wilaya d&rsquo;Alger ont indiqu\u00e9 dans un communiqu\u00e9 que tous les moyens de la wilaya et des entreprises publics ont \u00e9t\u00e9 mobilis\u00e9s pour intervenir sur le terrain sous les commandes du Wali et des Walis d\u00e9l\u00e9gu\u00e9s, pr\u00e9sents sur les lieux.\u00a0\u00a0\u00a0\u00a0\u00a0<\/p>\n<hr>\n<p><a href=\"http:\/\/www.aps.dz\/regions\/94342-des-pluies-torrentielles-a-alger-occasionnant-des-inondations-et-une-paralysie-du-trafic-routier\">Lire aussi :\u00a0Des pluies torrentielles \u00e0 Alger occasionnant des inondations et une paralysie du trafic routier<\/a><\/p>\n<hr>\n<p>La densit\u00e9 des pluies a commenc\u00e9 \u00e0 chuter \u00e0 partir de 21h30.<\/p>\n<p>Un bulletin m\u00e9t\u00e9orologique sp\u00e9cial (BMS) avait \u00e9t\u00e9 \u00e9mis par les services de l&rsquo;Office national de la m\u00e9t\u00e9orologie (ONM), mettant en garde contre une activit\u00e9 pluvio-orageuse, accompagn\u00e9e parfois de chute de gr\u00eale et de rafales de vent sous orages, affectera, \u00e0 partir de ce jeudi, plusieurs wilayas du pays, avec un niveau de vigilance \u00ab\u00a0orange\u00a0\u00bb.<\/p>\n<p>Valide \u00e0 partir de jeudi, ce BMS concerne les wilayas de Relizane, Chlef, A\u00efn-Defla, Tipaza, Alger, Blida, M\u00e9d\u00e9a, M&rsquo;Sila, Boumerd\u00e8s, Tizi-Ouzou, Bouira, Tiaret, Tissemsilt, Laghouat, Djelfa et Bordj-Bou-Arreridj.<\/p>\n<p>L&rsquo;ONM indique que les cumuls estim\u00e9s atteindront ou d\u00e9passeront localement 40 mm durant la validit\u00e9 du BMS pr\u00e9vu de jeudi soir (18h00) \u00e0 vendredi matin (9h00).<\/p>\n<p>\u00a0<\/p>\n<p>\u00a0<\/p>\n<p>\u00a0<\/p>\n<p>\u00a0<\/p>\n<\/div>\n<\/div>\n<p>Auteur:<br \/>\n<a href=\"http:\/\/www.aps.dz\/regions\/94359-intemperies-le-bilan-des-interventions-de-la-protection-civile-dans-la-nuit-du-jeudi-au-vendredi\">Cliquez ici pour lire l&rsquo;article depuis sa source.<\/a><\/p>\n","protected":false},"excerpt":{"rendered":"<p>ALGER &#8211; Le niveau des eaux pluviales qui se sont abattues jeudi soir sur plusieurs communes d&rsquo;Alger a atteint 40 cm , a annonc\u00e9 un responsable de protection civile. Le charg\u00e9 de communication au niveau de direction de la protection de la wilaya d&rsquo;Alger, le lieutenant Ben Khelfallah a indiqu\u00e9 \u00e0 l&rsquo;APS que \u00ab\u00a017 points [&hellip;]<\/p>\n","protected":false},"author":1790,"featured_media":61026,"comment_status":"closed","ping_status":"closed","sticky":false,"template":"","format":"standard","meta":{"fifu_image_url":"","fifu_image_alt":"","footnotes":""},"categories":[53,76],"tags":[],"class_list":["post-61025","post","type-post","status-publish","format-standard","has-post-thumbnail","hentry","category-algerie","category-regions"],"_links":{"self":[{"href":"https:\/\/linitiative.ca\/International\/wp-json\/wp\/v2\/posts\/61025","targetHints":{"allow":["GET"]}}],"collection":[{"href":"https:\/\/linitiative.ca\/International\/wp-json\/wp\/v2\/posts"}],"about":[{"href":"https:\/\/linitiative.ca\/International\/wp-json\/wp\/v2\/types\/post"}],"author":[{"embeddable":true,"href":"https:\/\/linitiative.ca\/International\/wp-json\/wp\/v2\/users\/1790"}],"replies":[{"embeddable":true,"href":"https:\/\/linitiative.ca\/International\/wp-json\/wp\/v2\/comments?post=61025"}],"version-history":[{"count":0,"href":"https:\/\/linitiative.ca\/International\/wp-json\/wp\/v2\/posts\/61025\/revisions"}],"wp:featuredmedia":[{"embeddable":true,"href":"https:\/\/linitiative.ca\/International\/wp-json\/"}],"wp:attachment":[{"href":"https:\/\/linitiative.ca\/International\/wp-json\/wp\/v2\/media?parent=61025"}],"wp:term":[{"taxonomy":"category","embeddable":true,"href":"https:\/\/linitiative.ca\/International\/wp-json\/wp\/v2\/categories?post=61025"},{"taxonomy":"post_tag","embeddable":true,"href":"https:\/\/linitiative.ca\/International\/wp-json\/wp\/v2\/tags?post=61025"}],"curies":[{"name":"wp","href":"https:\/\/api.w.org\/{rel}","templated":true}]}}