{"id":61027,"date":"2019-09-12T15:03:48","date_gmt":"2019-09-12T19:03:48","guid":{"rendered":"https:\/\/linitiative.ca\/International\/la-dgapr-dement-les-allegations-de-la-soeur-du-detenu-i-g\/"},"modified":"2019-09-12T15:03:48","modified_gmt":"2019-09-12T19:03:48","slug":"la-dgapr-dement-les-allegations-de-la-soeur-du-detenu-i-g","status":"publish","type":"post","link":"https:\/\/linitiative.ca\/International\/la-dgapr-dement-les-allegations-de-la-soeur-du-detenu-i-g\/","title":{"rendered":"la DGAPR d\u00e9ment les all\u00e9gations de la s\u0153ur du d\u00e9tenu (I.G)"},"content":{"rendered":"<div class=\"single-featured\"><img alt=\"\u0627\u0644\u0633\u062c\u0646-\u0627\u0644\u0645\u062d\u0644\u064a\" data-src=\"http:\/\/www.mapoujda.ma\/map\/uploads\/2018\/12\/\u0627\u0644\u0633\u062c\u0646-\u0627\u0644\u0645\u062d\u0644\u064a.jpg\"\/><\/div>\n<div class=\"entry-content clearfix single-post-content\" readability=\"62\">\n<p class=\"c1\">L\u2019administration de la prison locale de Nador a affirm\u00e9 que les all\u00e9gations relay\u00e9es sur les r\u00e9seaux sociaux par la s\u0153ur du d\u00e9tenu (I.G), incarc\u00e9r\u00e9 \u00e0 la prison de Nador 2 dans le cadre des \u00e9v\u00e9nements d\u2019Al-Hoceima,\u00a0\u00ab\u00a0visent \u00e0 induire en erreur l\u2019opinion publique et \u00e0 donner une fausse image des conditions de sa d\u00e9tention dans l\u2019\u00e9tablissement\u00a0\u00bb.<\/p>\n<p class=\"c1\">Dans une mise au point parvenue jeudi \u00e0 la MAP, l\u2019administration de l\u2019\u00e9tablissement p\u00e9nitentiaire pr\u00e9cise que le transfert du d\u00e9tenu de la prison locale de Ras El Ma \u00e0 F\u00e8s vers celle de Nador 2, a \u00e9t\u00e9 effectu\u00e9 en vue de le rapprocher du lieu de r\u00e9sidence de sa famille, \u00ab\u00a0dans le cadre du pr\u00e9servation de ses liens familiaux et sociaux\u00a0\u00bb, notant qu\u2019il a \u00ab\u00a0b\u00e9n\u00e9fici\u00e9, d\u00e8s son arriv\u00e9e \u00e0 l\u2019\u00e9tablissement, de l\u2019utilisation du t\u00e9l\u00e9phone fixe pour informer sa famille\u00a0\u00bb de ce transfert.<\/p>\n<p class=\"c1\">L\u2019administration a fait savoir que le d\u00e9tenu \u00ab\u00a0a \u00e9t\u00e9 plac\u00e9, \u00e0 sa demande, dans une cellule individuelle b\u00e9n\u00e9ficiant des conditions sanitaires dont l\u2019a\u00e9ration, l\u2019\u00e9clairage et l\u2019hygi\u00e8ne\u00a0\u00bb, pr\u00e9cisant qu\u2019il b\u00e9n\u00e9ficie de l\u2019utilisation du t\u00e9l\u00e9phone fixe et de la promenade quotidienne de plus d\u2019une heure avec les autres d\u00e9tenus log\u00e9s dans le m\u00eame quartier.<\/p>\n<p class=\"c1\">L\u2019administration de l\u2019\u00e9tablissement p\u00e9nitentiaire rappelle avoir re\u00e7u du d\u00e9tenu une lettre \u00ab\u00a0dans laquelle il exprime ses excuses des fausses d\u00e9clarations de sa s\u0153ur visant \u00e0 induire en erreur l\u2019opinion publique et \u00e0 donner une fausse image des conditions de sa d\u00e9tention dans cet \u00e9tablissement\u00a0\u00bb.<\/p>\n<\/div>\n<p>Auteur: Soufiane ELAHMAR<br \/>\n<a href=\"http:\/\/www.mapoujda.ma\/fr\/la-dgapr-dement-les-allegations-de-la-soeur-du-detenu-i-g\/\">Cliquez ici pour lire l&rsquo;article depuis sa source.<\/a><\/p>\n","protected":false},"excerpt":{"rendered":"<p>L\u2019administration de la prison locale de Nador a affirm\u00e9 que les all\u00e9gations relay\u00e9es sur les r\u00e9seaux sociaux par la s\u0153ur du d\u00e9tenu (I.G), incarc\u00e9r\u00e9 \u00e0 la prison de Nador 2 dans le cadre des \u00e9v\u00e9nements d\u2019Al-Hoceima,\u00a0\u00ab\u00a0visent \u00e0 induire en erreur l\u2019opinion publique et \u00e0 donner une fausse image des conditions de sa d\u00e9tention dans l\u2019\u00e9tablissement\u00a0\u00bb. [&hellip;]<\/p>\n","protected":false},"author":1788,"featured_media":61028,"comment_status":"closed","ping_status":"closed","sticky":false,"template":"","format":"standard","meta":{"fifu_image_url":"","fifu_image_alt":"","footnotes":""},"categories":[54,76],"tags":[],"class_list":["post-61027","post","type-post","status-publish","format-standard","has-post-thumbnail","hentry","category-maroc","category-regions"],"_links":{"self":[{"href":"https:\/\/linitiative.ca\/International\/wp-json\/wp\/v2\/posts\/61027","targetHints":{"allow":["GET"]}}],"collection":[{"href":"https:\/\/linitiative.ca\/International\/wp-json\/wp\/v2\/posts"}],"about":[{"href":"https:\/\/linitiative.ca\/International\/wp-json\/wp\/v2\/types\/post"}],"author":[{"embeddable":true,"href":"https:\/\/linitiative.ca\/International\/wp-json\/wp\/v2\/users\/1788"}],"replies":[{"embeddable":true,"href":"https:\/\/linitiative.ca\/International\/wp-json\/wp\/v2\/comments?post=61027"}],"version-history":[{"count":0,"href":"https:\/\/linitiative.ca\/International\/wp-json\/wp\/v2\/posts\/61027\/revisions"}],"wp:featuredmedia":[{"embeddable":true,"href":"https:\/\/linitiative.ca\/International\/wp-json\/"}],"wp:attachment":[{"href":"https:\/\/linitiative.ca\/International\/wp-json\/wp\/v2\/media?parent=61027"}],"wp:term":[{"taxonomy":"category","embeddable":true,"href":"https:\/\/linitiative.ca\/International\/wp-json\/wp\/v2\/categories?post=61027"},{"taxonomy":"post_tag","embeddable":true,"href":"https:\/\/linitiative.ca\/International\/wp-json\/wp\/v2\/tags?post=61027"}],"curies":[{"name":"wp","href":"https:\/\/api.w.org\/{rel}","templated":true}]}}