{"id":61032,"date":"2019-09-13T07:15:00","date_gmt":"2019-09-13T11:15:00","guid":{"rendered":"https:\/\/linitiative.ca\/International\/les-tunisiens-aux-urnes\/"},"modified":"2019-09-13T07:15:00","modified_gmt":"2019-09-13T11:15:00","slug":"les-tunisiens-aux-urnes","status":"publish","type":"post","link":"https:\/\/linitiative.ca\/International\/les-tunisiens-aux-urnes\/","title":{"rendered":"Les Tunisiens aux urnes"},"content":{"rendered":"<div readability=\"34\">\n<p>La pr\u00e9sidentielle anticip\u00e9e pr\u00e9vue le 15 septembre<\/p>\n<p>Les questions socio\u00e9conomiques au menu<\/p>\n<\/div>\n<div readability=\"70\">\n<div class=\"dnd-atom-wrapper type-image context-sdl_editor_representation\" contenteditable=\"false\">\n<div class=\"dnd-drop-wrapper image\"><img loading=\"lazy\" decoding=\"async\" typeof=\"foaf:Image\" class=\"img-responsive\" src=\"https:\/\/www.leconomiste.com\/sites\/default\/files\/eco7\/public\/thumbnails\/image\/tunisie_elections_091.jpg\" width=\"800\" height=\"586\" alt=\"tunisie_elections_091.jpg\" title=\"tunisie_elections_091.jpg\"\/><\/div>\n<\/div>\n<p class=\"rtejustify\">Dimanche 15 septembre, 7 millions de Tunisiens seront appel\u00e9s aux urnes. Ils devront \u00e9lire leur prochain pr\u00e9sident, 8 ans et demi apr\u00e8s la r\u00e9volution. Cette fois, il y a plusieurs nouvelles donnes, dans un paysage politique \u00e9clat\u00e9 avec une liste finale de 26 candidats pour le premier tour et o\u00f9 les enjeux restent difficiles \u00e0 cerner. Quoique la Tunisie se classe mieux que beaucoup de pays \u00e9mergents pour le climat des affaires, plusieurs dimensions pourraient \u00eatre am\u00e9lior\u00e9es.<\/p>\n<p class=\"rtejustify\">n S\u00e9curit\u00e9, questions sociales: Dans le sillage de sa r\u00e9volution de 2011, le pays pionnier des Printemps arabes a \u00e9t\u00e9 vis\u00e9 par une s\u00e9rie d\u2019attentats terroristes. Ce qui a min\u00e9 encore davantage une \u00e9conomie morose. Le Premier ministre et candidat \u00e0 la pr\u00e9sidentielle, Youssef Chahed, a pr\u00e9sent\u00e9 l&rsquo;am\u00e9lioration de la s\u00e9curit\u00e9 comme un point fort de ses trois ans \u00e0 la t\u00eate du gouvernement.<\/p>\n<p class=\"rtejustify\">Lors d\u2019un d\u00e9bat t\u00e9l\u00e9vis\u00e9, il a plac\u00e9 sur un m\u00eame plan la lutte contre le terrorisme et la s\u00e9curit\u00e9 au quotidien des citoyens. D&rsquo;autres candidats s&rsquo;attribuent aussi le m\u00e9rite de l&rsquo;am\u00e9lioration de la s\u00e9curit\u00e9. Sur le terrain, les pr\u00e9tendants sont surtout attendus sur les questions sociales: les bas salaires, le ch\u00f4mage \u00e9lev\u00e9 qui d\u00e9sesp\u00e8re la jeunesse et la d\u00e9liquescence des services publics\u2026<\/p>\n<p class=\"rtejustify\">n Surmonter les obstacles: Les observateurs tunisiens et internationaux \u00e9cartent la perspective de fraude syst\u00e9matique pour la deuxi\u00e8me pr\u00e9sidentielle au suffrage universel de l&rsquo;histoire du pays. En revanche, ils ont exprim\u00e9 leur pr\u00e9occupation quant au moment choisi pour incarc\u00e9rer l&rsquo;un des principaux candidats. Ils estiment aussi que les libert\u00e9s acquises depuis 2011 ne p\u00e8sent pas lourd face aux difficult\u00e9s \u00e9conomiques qui se sont accentu\u00e9es.<\/p>\n<p class=\"rtejustify\">Dans le dernier classement de la libert\u00e9 de la presse de Reporters sans fronti\u00e8res (RSF), la Tunisie (72e) figure en t\u00eate des pays de la r\u00e9gion Moyen-Orient et Afrique du Nord, devant Isra\u00ebl et le Liban. Des obstacles doivent \u00eatre lev\u00e9s pour que la transparence et l&rsquo;\u00e9quit\u00e9 obtenues dans la vie politique le soient aussi dans d&rsquo;autres domaines.<\/p>\n<p class=\"rtejustify\"><em>F.Z.T.<\/em><\/p>\n<\/div>\n<p>Auteur: hlafriqi<br \/>\n<a href=\"https:\/\/www.leconomiste.com\/article\/1050111-les-tunisiens-aux-urnes\">Cliquez ici pour lire l&rsquo;article depuis sa source.<\/a><\/p>\n","protected":false},"excerpt":{"rendered":"<p>La pr\u00e9sidentielle anticip\u00e9e pr\u00e9vue le 15 septembre Les questions socio\u00e9conomiques au menu Dimanche 15 septembre, 7 millions de Tunisiens seront appel\u00e9s aux urnes. Ils devront \u00e9lire leur prochain pr\u00e9sident, 8 ans et demi apr\u00e8s la r\u00e9volution. Cette fois, il y a plusieurs nouvelles donnes, dans un paysage politique \u00e9clat\u00e9 avec une liste finale de 26 [&hellip;]<\/p>\n","protected":false},"author":1763,"featured_media":61033,"comment_status":"closed","ping_status":"closed","sticky":false,"template":"","format":"standard","meta":{"fifu_image_url":"","fifu_image_alt":"","footnotes":""},"categories":[78,54],"tags":[],"class_list":["post-61032","post","type-post","status-publish","format-standard","has-post-thumbnail","hentry","category-economie","category-maroc"],"_links":{"self":[{"href":"https:\/\/linitiative.ca\/International\/wp-json\/wp\/v2\/posts\/61032","targetHints":{"allow":["GET"]}}],"collection":[{"href":"https:\/\/linitiative.ca\/International\/wp-json\/wp\/v2\/posts"}],"about":[{"href":"https:\/\/linitiative.ca\/International\/wp-json\/wp\/v2\/types\/post"}],"author":[{"embeddable":true,"href":"https:\/\/linitiative.ca\/International\/wp-json\/wp\/v2\/users\/1763"}],"replies":[{"embeddable":true,"href":"https:\/\/linitiative.ca\/International\/wp-json\/wp\/v2\/comments?post=61032"}],"version-history":[{"count":0,"href":"https:\/\/linitiative.ca\/International\/wp-json\/wp\/v2\/posts\/61032\/revisions"}],"wp:featuredmedia":[{"embeddable":true,"href":"https:\/\/linitiative.ca\/International\/wp-json\/"}],"wp:attachment":[{"href":"https:\/\/linitiative.ca\/International\/wp-json\/wp\/v2\/media?parent=61032"}],"wp:term":[{"taxonomy":"category","embeddable":true,"href":"https:\/\/linitiative.ca\/International\/wp-json\/wp\/v2\/categories?post=61032"},{"taxonomy":"post_tag","embeddable":true,"href":"https:\/\/linitiative.ca\/International\/wp-json\/wp\/v2\/tags?post=61032"}],"curies":[{"name":"wp","href":"https:\/\/api.w.org\/{rel}","templated":true}]}}