{"id":61041,"date":"2019-09-13T15:14:08","date_gmt":"2019-09-13T19:14:08","guid":{"rendered":"https:\/\/linitiative.ca\/International\/international-nice-vieria-attend-beaucoup-de-boudaoui-mais\/"},"modified":"2019-09-13T15:14:08","modified_gmt":"2019-09-13T19:14:08","slug":"international-nice-vieria-attend-beaucoup-de-boudaoui-mais","status":"publish","type":"post","link":"https:\/\/linitiative.ca\/International\/international-nice-vieria-attend-beaucoup-de-boudaoui-mais\/","title":{"rendered":"International : Nice : Vieria attend beaucoup de Boudaoui, mais&#8230;"},"content":{"rendered":"<div readability=\"32\">\n<p>Auteur : <span class=\"time\">vendredi 13 septembre 2019 11:47<\/span><\/p>\n<\/div>\n<div id=\"post_core\" readability=\"49\">\n<p>Avant le match contre Montpellier samedi soir (19h), dans le cadre de la 5e journ\u00e9e de Ligue 1 fran\u00e7aise, l\u2019international alg\u00e9rien a \u00e9t\u00e9 pr\u00e9sent\u00e9 \u00e0 la presse ce jeudi, en compagnie notamment de Patrick Vieira, le coach des Aiglons. Interrog\u00e9 sur son nouveau joueur, l\u2019ancien milieu de terrain fran\u00e7ais en a donc profit\u00e9 pour soulever les qualit\u00e9s de ce dernier :<\/p>\n<p>\u00ab\u00a0C\u2019est un jeune joueur qui est bourr\u00e9 de talent. Il faudra aussi qu\u2019on lui laisse le temps de s\u2019adapter. C\u2019est un joueur capable d\u2019apporter beaucoup d\u2019\u00e9nergie, il couvre \u00e9norm\u00e9ment de terrain, avec une grosse qualit\u00e9 technique. C\u2019est un vrai box to box. Il a aussi quelques aspects de son jeu qu\u2019il doit continuer \u00e0 d\u00e9velopper. J\u2019esp\u00e8re qu\u2019on mettra tout ce qu\u2019il faut en place pour l\u2019aider \u00e0 grandir. Il a un gros potentiel, l\u2019avoir est une tr\u00e8s bonne chose\u00a0\u00bb, a l\u00e2ch\u00e9 Patrick Vieira comme le rapporte Footmercato..<\/p>\n<p><strong>Publi\u00e9 dans :<\/strong> <span>Nice<\/span><\/p>\n<\/div>\n<p>Auteur:<br \/>\n<a href=\"http:\/\/www.lebuteur.com\/article\/detail?titre=nice-vieria-attend-beaucoup-de-boudaoui-mais&#038;id=91657&#038;utm_source=feedburner&#038;utm_medium=feed&#038;utm_campaign=Feed%3A+GalerieFArtciles+%28Les+derniers+articles++-+lebuteur.com%29\">Cliquez ici pour lire l&rsquo;article depuis sa source.<\/a><\/p>\n","protected":false},"excerpt":{"rendered":"<p>Auteur : vendredi 13 septembre 2019 11:47 Avant le match contre Montpellier samedi soir (19h), dans le cadre de la 5e journ\u00e9e de Ligue 1 fran\u00e7aise, l\u2019international alg\u00e9rien a \u00e9t\u00e9 pr\u00e9sent\u00e9 \u00e0 la presse ce jeudi, en compagnie notamment de Patrick Vieira, le coach des Aiglons. Interrog\u00e9 sur son nouveau joueur, l\u2019ancien milieu de terrain [&hellip;]<\/p>\n","protected":false},"author":1738,"featured_media":61042,"comment_status":"closed","ping_status":"closed","sticky":false,"template":"","format":"standard","meta":{"fifu_image_url":"","fifu_image_alt":"","footnotes":""},"categories":[53,75],"tags":[],"class_list":["post-61041","post","type-post","status-publish","format-standard","has-post-thumbnail","hentry","category-algerie","category-sport"],"_links":{"self":[{"href":"https:\/\/linitiative.ca\/International\/wp-json\/wp\/v2\/posts\/61041","targetHints":{"allow":["GET"]}}],"collection":[{"href":"https:\/\/linitiative.ca\/International\/wp-json\/wp\/v2\/posts"}],"about":[{"href":"https:\/\/linitiative.ca\/International\/wp-json\/wp\/v2\/types\/post"}],"author":[{"embeddable":true,"href":"https:\/\/linitiative.ca\/International\/wp-json\/wp\/v2\/users\/1738"}],"replies":[{"embeddable":true,"href":"https:\/\/linitiative.ca\/International\/wp-json\/wp\/v2\/comments?post=61041"}],"version-history":[{"count":0,"href":"https:\/\/linitiative.ca\/International\/wp-json\/wp\/v2\/posts\/61041\/revisions"}],"wp:featuredmedia":[{"embeddable":true,"href":"https:\/\/linitiative.ca\/International\/wp-json\/"}],"wp:attachment":[{"href":"https:\/\/linitiative.ca\/International\/wp-json\/wp\/v2\/media?parent=61041"}],"wp:term":[{"taxonomy":"category","embeddable":true,"href":"https:\/\/linitiative.ca\/International\/wp-json\/wp\/v2\/categories?post=61041"},{"taxonomy":"post_tag","embeddable":true,"href":"https:\/\/linitiative.ca\/International\/wp-json\/wp\/v2\/tags?post=61041"}],"curies":[{"name":"wp","href":"https:\/\/api.w.org\/{rel}","templated":true}]}}