{"id":61043,"date":"2019-09-13T15:14:09","date_gmt":"2019-09-13T19:14:09","guid":{"rendered":"https:\/\/linitiative.ca\/International\/pros-belaili-debarque-en-arabie-saoudite\/"},"modified":"2019-09-13T15:14:09","modified_gmt":"2019-09-13T19:14:09","slug":"pros-belaili-debarque-en-arabie-saoudite","status":"publish","type":"post","link":"https:\/\/linitiative.ca\/International\/pros-belaili-debarque-en-arabie-saoudite\/","title":{"rendered":"Pros : Belaili d\u00e9barque en Arabie Saoudite"},"content":{"rendered":"<div readability=\"32\">\n<p>Auteur : <span class=\"time\">vendredi 13 septembre 2019 17:10<\/span><\/p>\n<\/div>\n<div id=\"post_core\" readability=\"46\">\n<p>Apr\u00e8s avoir pris part au dernier stage de l\u2019EN en participant \u00e0 la rencontre amicale face au B\u00e9nin, le tr\u00e8s technique joueur milieu de terrain des Verts, Youcef Belaili a d\u00e9barqu\u00e9 aujourd\u2019hui \u00e0 Djeddah en Arabie Saoudite pour entamer sa nouvelle aventure avec son nouveau club d\u2019Al-Ahli. Comme annonc\u00e9 dans ces m\u00eames colonnes, Belaili s\u2019\u00e9tait engag\u00e9, il y\u2019a quelques semaines, avec Al Ahli pour une dur\u00e9e de trois saisons. Li\u00e9, d\u00e9sormais, avec Al-Ahli jusqu\u2019en 2022, Belaili a eu droit \u00e0 un accueil royal de la part des supporters du club local. Alors qu\u2019il \u00e9tait attendu mercredi en Arabie Saoudite, Belaili n\u2019est, faute de visa, arriv\u00e9 sur lieu qu\u2019aujoued\u2019hui.<\/p>\n<p><strong>Publi\u00e9 dans :<\/strong> <span>Bela\u00efli<\/span><\/p>\n<\/div>\n<p>Auteur:<br \/>\n<a href=\"http:\/\/www.lebuteur.com\/article\/detail?titre=belaili-debarque-en-arabie-saoudite&#038;id=91658&#038;utm_source=feedburner&#038;utm_medium=feed&#038;utm_campaign=Feed%3A+GalerieFArtciles+%28Les+derniers+articles++-+lebuteur.com%29\">Cliquez ici pour lire l&rsquo;article depuis sa source.<\/a><\/p>\n","protected":false},"excerpt":{"rendered":"<p>Auteur : vendredi 13 septembre 2019 17:10 Apr\u00e8s avoir pris part au dernier stage de l\u2019EN en participant \u00e0 la rencontre amicale face au B\u00e9nin, le tr\u00e8s technique joueur milieu de terrain des Verts, Youcef Belaili a d\u00e9barqu\u00e9 aujourd\u2019hui \u00e0 Djeddah en Arabie Saoudite pour entamer sa nouvelle aventure avec son nouveau club d\u2019Al-Ahli. Comme [&hellip;]<\/p>\n","protected":false},"author":1738,"featured_media":61044,"comment_status":"closed","ping_status":"closed","sticky":false,"template":"","format":"standard","meta":{"fifu_image_url":"","fifu_image_alt":"","footnotes":""},"categories":[53,75],"tags":[],"class_list":["post-61043","post","type-post","status-publish","format-standard","has-post-thumbnail","hentry","category-algerie","category-sport"],"_links":{"self":[{"href":"https:\/\/linitiative.ca\/International\/wp-json\/wp\/v2\/posts\/61043","targetHints":{"allow":["GET"]}}],"collection":[{"href":"https:\/\/linitiative.ca\/International\/wp-json\/wp\/v2\/posts"}],"about":[{"href":"https:\/\/linitiative.ca\/International\/wp-json\/wp\/v2\/types\/post"}],"author":[{"embeddable":true,"href":"https:\/\/linitiative.ca\/International\/wp-json\/wp\/v2\/users\/1738"}],"replies":[{"embeddable":true,"href":"https:\/\/linitiative.ca\/International\/wp-json\/wp\/v2\/comments?post=61043"}],"version-history":[{"count":0,"href":"https:\/\/linitiative.ca\/International\/wp-json\/wp\/v2\/posts\/61043\/revisions"}],"wp:featuredmedia":[{"embeddable":true,"href":"https:\/\/linitiative.ca\/International\/wp-json\/"}],"wp:attachment":[{"href":"https:\/\/linitiative.ca\/International\/wp-json\/wp\/v2\/media?parent=61043"}],"wp:term":[{"taxonomy":"category","embeddable":true,"href":"https:\/\/linitiative.ca\/International\/wp-json\/wp\/v2\/categories?post=61043"},{"taxonomy":"post_tag","embeddable":true,"href":"https:\/\/linitiative.ca\/International\/wp-json\/wp\/v2\/tags?post=61043"}],"curies":[{"name":"wp","href":"https:\/\/api.w.org\/{rel}","templated":true}]}}