{"id":61045,"date":"2019-09-13T15:14:10","date_gmt":"2019-09-13T19:14:10","guid":{"rendered":"https:\/\/linitiative.ca\/International\/pros-ogc-nice-boudaoui-convoque-face-a-montpellier\/"},"modified":"2019-09-13T15:14:10","modified_gmt":"2019-09-13T19:14:10","slug":"pros-ogc-nice-boudaoui-convoque-face-a-montpellier","status":"publish","type":"post","link":"https:\/\/linitiative.ca\/International\/pros-ogc-nice-boudaoui-convoque-face-a-montpellier\/","title":{"rendered":"Pros : OGC Nice: Boudaoui convoqu\u00e9 face \u00e0 Montpellier"},"content":{"rendered":"<div readability=\"32\">\n<p>Auteur : <span class=\"time\">vendredi 13 septembre 2019 17:11<\/span><\/p>\n<\/div>\n<div id=\"post_core\" readability=\"37\">\n<p>Aussit\u00f4t apr\u00e8s avoir int\u00e9gr\u00e9 le groupe ni\u00e7ois, le joueur milieu de terrain Alg\u00e9rien, Hicham Boudaoui a \u00e9t\u00e9 convoqu\u00e9 pour le match de demain soir contre Montpellier d\u2019Andy Delort. Il s\u2019agit-l\u00e0 de la premi\u00e8re convocation de l\u2019ancien joueur du PAC par son entra\u00eeneur Patrick Vierra dans un match de Ligue 1. Il est \u00e0 noter que les deux autres joueurs Alg\u00e9riens de l\u2019OGC Nice en l\u2019occurrence Youcef Atal et Adam Ounas figurent dans le groupe de Vieira pour la rencontre de ce samedi.<\/p>\n<p><strong>Publi\u00e9 dans :<\/strong> <span>Boudaoui<\/span><\/p>\n<\/div>\n<p>Auteur:<br \/>\n<a href=\"http:\/\/www.lebuteur.com\/article\/detail?titre=ogc-nice-boudaoui-convoque-face-a-montpellier&#038;id=91659&#038;utm_source=feedburner&#038;utm_medium=feed&#038;utm_campaign=Feed%3A+GalerieFArtciles+%28Les+derniers+articles++-+lebuteur.com%29\">Cliquez ici pour lire l&rsquo;article depuis sa source.<\/a><\/p>\n","protected":false},"excerpt":{"rendered":"<p>Auteur : vendredi 13 septembre 2019 17:11 Aussit\u00f4t apr\u00e8s avoir int\u00e9gr\u00e9 le groupe ni\u00e7ois, le joueur milieu de terrain Alg\u00e9rien, Hicham Boudaoui a \u00e9t\u00e9 convoqu\u00e9 pour le match de demain soir contre Montpellier d\u2019Andy Delort. Il s\u2019agit-l\u00e0 de la premi\u00e8re convocation de l\u2019ancien joueur du PAC par son entra\u00eeneur Patrick Vierra dans un match de [&hellip;]<\/p>\n","protected":false},"author":1738,"featured_media":61046,"comment_status":"closed","ping_status":"closed","sticky":false,"template":"","format":"standard","meta":{"fifu_image_url":"","fifu_image_alt":"","footnotes":""},"categories":[53,75],"tags":[],"class_list":["post-61045","post","type-post","status-publish","format-standard","has-post-thumbnail","hentry","category-algerie","category-sport"],"_links":{"self":[{"href":"https:\/\/linitiative.ca\/International\/wp-json\/wp\/v2\/posts\/61045","targetHints":{"allow":["GET"]}}],"collection":[{"href":"https:\/\/linitiative.ca\/International\/wp-json\/wp\/v2\/posts"}],"about":[{"href":"https:\/\/linitiative.ca\/International\/wp-json\/wp\/v2\/types\/post"}],"author":[{"embeddable":true,"href":"https:\/\/linitiative.ca\/International\/wp-json\/wp\/v2\/users\/1738"}],"replies":[{"embeddable":true,"href":"https:\/\/linitiative.ca\/International\/wp-json\/wp\/v2\/comments?post=61045"}],"version-history":[{"count":0,"href":"https:\/\/linitiative.ca\/International\/wp-json\/wp\/v2\/posts\/61045\/revisions"}],"wp:featuredmedia":[{"embeddable":true,"href":"https:\/\/linitiative.ca\/International\/wp-json\/"}],"wp:attachment":[{"href":"https:\/\/linitiative.ca\/International\/wp-json\/wp\/v2\/media?parent=61045"}],"wp:term":[{"taxonomy":"category","embeddable":true,"href":"https:\/\/linitiative.ca\/International\/wp-json\/wp\/v2\/categories?post=61045"},{"taxonomy":"post_tag","embeddable":true,"href":"https:\/\/linitiative.ca\/International\/wp-json\/wp\/v2\/tags?post=61045"}],"curies":[{"name":"wp","href":"https:\/\/api.w.org\/{rel}","templated":true}]}}