{"id":61053,"date":"2019-09-13T13:33:00","date_gmt":"2019-09-13T17:33:00","guid":{"rendered":"https:\/\/linitiative.ca\/International\/proces-de-said-toufik-tartag-et-hanoune-la-date-fixee-pour-le-23-septembre\/"},"modified":"2019-09-13T13:33:00","modified_gmt":"2019-09-13T17:33:00","slug":"proces-de-said-toufik-tartag-et-hanoune-la-date-fixee-pour-le-23-septembre","status":"publish","type":"post","link":"https:\/\/linitiative.ca\/International\/proces-de-said-toufik-tartag-et-hanoune-la-date-fixee-pour-le-23-septembre\/","title":{"rendered":"PROCES DE SA\u00cfD, TOUFIK, TARTAG ET HANOUNE : La date fix\u00e9e pour  le 23 Septembre"},"content":{"rendered":"<p><br id=\"sep_para_1\" class=\"sep_para access\"\/><\/p>\n<div id=\"para_1\" class=\"para_32978558 resize\">\n<div class=\"texte access firstletter\">Le proc\u00e8s de Said Bouteflika, des g\u00e9n\u00e9raux Toufik et Tartag et Louisa Hanoune, est fix\u00e9 au lundi 23 septembre au tribunal militaire de Blida, a appris\u00a0 le site \u00e9lectronique d\u2019informations \u2018\u2019Alg\u00e9rie1\u2019\u2019, le jeudi 12 Septembre 2019\u00a0 aupr\u00e8s de ma\u00eetre Mokrane Ait Larbi, avocat de Louisa Hanoune. Les quatre pr\u00e9venus sont accus\u00e9s d'\u00a0\u00bbatteinte \u00e0 l&rsquo;autorit\u00e9 de l&rsquo;arm\u00e9e et complot contre l&rsquo;autorit\u00e9 de l&rsquo;Etat\u00a0\u00bb, apr\u00e8s avoir organis\u00e9 le 27 mars une \u2018\u2019r\u00e9union consultative sur la situation politique du pays \u2018\u2019.Le procureur du tribunal militaire de Blida avait ordonn\u00e9 la mise en d\u00e9tention pr\u00e9ventive de Said Bouteflika, le g\u00e9n\u00e9ral Toufik et le g\u00e9n\u00e9ral Tartag, le 5 mai, alors que\u00a0 Louisa Hanoune est incarc\u00e9r\u00e9e le 9 mai.<\/div>\n<\/div>\n<p>Auteur: Nadine<br \/>\n<a href=\"https:\/\/www.reflexiondz.net\/PROCES-DE-SAID-TOUFIK-TARTAG-ET-HANOUNE-La-date-fixee-pour-le-23-Septembre_a57595.html\">Cliquez ici pour lire l&rsquo;article depuis sa source.<\/a><\/p>\n","protected":false},"excerpt":{"rendered":"<p>Le proc\u00e8s de Said Bouteflika, des g\u00e9n\u00e9raux Toufik et Tartag et Louisa Hanoune, est fix\u00e9 au lundi 23 septembre au tribunal militaire de Blida, a appris\u00a0 le site \u00e9lectronique d\u2019informations \u2018\u2019Alg\u00e9rie1\u2019\u2019, le jeudi 12 Septembre 2019\u00a0 aupr\u00e8s de ma\u00eetre Mokrane Ait Larbi, avocat de Louisa Hanoune. Les quatre pr\u00e9venus sont accus\u00e9s d&rsquo;\u00a0\u00bbatteinte \u00e0 l&rsquo;autorit\u00e9 de [&hellip;]<\/p>\n","protected":false},"author":1740,"featured_media":0,"comment_status":"closed","ping_status":"closed","sticky":false,"template":"","format":"standard","meta":{"fifu_image_url":"","fifu_image_alt":"","footnotes":""},"categories":[53,76],"tags":[],"class_list":["post-61053","post","type-post","status-publish","format-standard","hentry","category-algerie","category-regions"],"_links":{"self":[{"href":"https:\/\/linitiative.ca\/International\/wp-json\/wp\/v2\/posts\/61053","targetHints":{"allow":["GET"]}}],"collection":[{"href":"https:\/\/linitiative.ca\/International\/wp-json\/wp\/v2\/posts"}],"about":[{"href":"https:\/\/linitiative.ca\/International\/wp-json\/wp\/v2\/types\/post"}],"author":[{"embeddable":true,"href":"https:\/\/linitiative.ca\/International\/wp-json\/wp\/v2\/users\/1740"}],"replies":[{"embeddable":true,"href":"https:\/\/linitiative.ca\/International\/wp-json\/wp\/v2\/comments?post=61053"}],"version-history":[{"count":0,"href":"https:\/\/linitiative.ca\/International\/wp-json\/wp\/v2\/posts\/61053\/revisions"}],"wp:attachment":[{"href":"https:\/\/linitiative.ca\/International\/wp-json\/wp\/v2\/media?parent=61053"}],"wp:term":[{"taxonomy":"category","embeddable":true,"href":"https:\/\/linitiative.ca\/International\/wp-json\/wp\/v2\/categories?post=61053"},{"taxonomy":"post_tag","embeddable":true,"href":"https:\/\/linitiative.ca\/International\/wp-json\/wp\/v2\/tags?post=61053"}],"curies":[{"name":"wp","href":"https:\/\/api.w.org\/{rel}","templated":true}]}}