{"id":61054,"date":"2019-09-13T13:35:00","date_gmt":"2019-09-13T17:35:00","guid":{"rendered":"https:\/\/linitiative.ca\/International\/laid-benamor-serait-poursuivi-en-justice\/"},"modified":"2019-09-13T13:35:00","modified_gmt":"2019-09-13T17:35:00","slug":"laid-benamor-serait-poursuivi-en-justice","status":"publish","type":"post","link":"https:\/\/linitiative.ca\/International\/laid-benamor-serait-poursuivi-en-justice\/","title":{"rendered":"Laid Benamor serait poursuivi en justice"},"content":{"rendered":"<p><br id=\"sep_para_1\" class=\"sep_para access\"\/><\/p>\n<div id=\"para_1\" class=\"para_32978592 resize\">\n<div class=\"texte access firstletter\">Le dossier judiciaire de l\u2019oligarque Mohamed Laid Benamor est finalis\u00e9 au niveau de la Cour d\u2019Alger et sera bient\u00f4t transmis au tribunal d\u2019Abane Ramdane \u00e0 Sidi M\u2019hamed pour qu\u2019un juge d\u2019instruction puisse convoquer le patron du groupe Benamor, l\u2019un des derniers symboles de l\u2019oligarchie alg\u00e9rienne qui ont fait le bonheur du r\u00e9gime Bouteflika, a-t-on appris de sources s\u00fbres. L\u2019ex-vice Pr\u00e9sident du FCE d\u2019Ali Haddad et l\u2019ex-pr\u00e9sident de la chambre alg\u00e9rienne du commerce et de l\u2019industrie (CACI) pourrait \u00eatre convoqu\u00e9\u00a0 les jours prochains au tribunal d\u2019Abane Ramdane pour qu\u2019il soit entendu, comme les autres pr\u00e9c\u00e9dents oligarques plac\u00e9s sous mandat de d\u00e9p\u00f4t \u00e0 la prison d\u2019El-Harrach,\u00a0 pour de multiples d\u00e9lits punissables par la loi. Selon les \u00e9chos de la presse nationale, plusieurs hauts responsables politiques dont l\u2019ancien premier ministre M.Abdelmalek Sellal ainsi que l\u2019ex-ministre de l\u2019agriculture, M.Bouazgui Abdelkader, sont impliqu\u00e9s dans le dossier Benamor. Ces dirigeants politiques seront poursuivis pour octroi d\u2019avantages indus lors de la passation de march\u00e9s publics et abus de fonction, conform\u00e9ment \u00e0 l\u2019article 33 de la loi 06-01 relative \u00e0 la pr\u00e9vention et \u00e0 la lutte contre la corruption \u2018\u2019.<\/div>\n<\/div>\n<p>Auteur: R\u00e9flexion<br \/>\n<a href=\"https:\/\/www.reflexiondz.net\/Laid-Benamor-serait-poursuivi-en-justice_a57599.html\">Cliquez ici pour lire l&rsquo;article depuis sa source.<\/a><\/p>\n","protected":false},"excerpt":{"rendered":"<p>Le dossier judiciaire de l\u2019oligarque Mohamed Laid Benamor est finalis\u00e9 au niveau de la Cour d\u2019Alger et sera bient\u00f4t transmis au tribunal d\u2019Abane Ramdane \u00e0 Sidi M\u2019hamed pour qu\u2019un juge d\u2019instruction puisse convoquer le patron du groupe Benamor, l\u2019un des derniers symboles de l\u2019oligarchie alg\u00e9rienne qui ont fait le bonheur du r\u00e9gime Bouteflika, a-t-on appris [&hellip;]<\/p>\n","protected":false},"author":1740,"featured_media":0,"comment_status":"closed","ping_status":"closed","sticky":false,"template":"","format":"standard","meta":{"fifu_image_url":"","fifu_image_alt":"","footnotes":""},"categories":[53,76],"tags":[],"class_list":["post-61054","post","type-post","status-publish","format-standard","hentry","category-algerie","category-regions"],"_links":{"self":[{"href":"https:\/\/linitiative.ca\/International\/wp-json\/wp\/v2\/posts\/61054","targetHints":{"allow":["GET"]}}],"collection":[{"href":"https:\/\/linitiative.ca\/International\/wp-json\/wp\/v2\/posts"}],"about":[{"href":"https:\/\/linitiative.ca\/International\/wp-json\/wp\/v2\/types\/post"}],"author":[{"embeddable":true,"href":"https:\/\/linitiative.ca\/International\/wp-json\/wp\/v2\/users\/1740"}],"replies":[{"embeddable":true,"href":"https:\/\/linitiative.ca\/International\/wp-json\/wp\/v2\/comments?post=61054"}],"version-history":[{"count":0,"href":"https:\/\/linitiative.ca\/International\/wp-json\/wp\/v2\/posts\/61054\/revisions"}],"wp:attachment":[{"href":"https:\/\/linitiative.ca\/International\/wp-json\/wp\/v2\/media?parent=61054"}],"wp:term":[{"taxonomy":"category","embeddable":true,"href":"https:\/\/linitiative.ca\/International\/wp-json\/wp\/v2\/categories?post=61054"},{"taxonomy":"post_tag","embeddable":true,"href":"https:\/\/linitiative.ca\/International\/wp-json\/wp\/v2\/tags?post=61054"}],"curies":[{"name":"wp","href":"https:\/\/api.w.org\/{rel}","templated":true}]}}