{"id":61061,"date":"2019-09-13T17:00:51","date_gmt":"2019-09-13T21:00:51","guid":{"rendered":"https:\/\/linitiative.ca\/International\/ouargla-le-numero-30-qui-revendique-le-changement\/"},"modified":"2019-09-13T17:00:51","modified_gmt":"2019-09-13T21:00:51","slug":"ouargla-le-numero-30-qui-revendique-le-changement","status":"publish","type":"post","link":"https:\/\/linitiative.ca\/International\/ouargla-le-numero-30-qui-revendique-le-changement\/","title":{"rendered":"Ouargla, le num\u00e9ro 30 qui revendique le changement"},"content":{"rendered":"<h4 class=\"title-14\"\/>\n<div class=\"featured_image\"><img width=\"720\" height=\"540\" data-cfsrc=\"https:\/\/www.elwatan.com\/wp-content\/uploads\/2019\/09\/received_467906673797531.jpeg\" class=\"attachment-post-thumbnail size-post-thumbnail wp-post-image c2\" alt=\"\" srcset=\"https:\/\/www.elwatan.com\/wp-content\/uploads\/2019\/09\/received_467906673797531.jpeg 720w, https:\/\/www.elwatan.com\/wp-content\/uploads\/2019\/09\/received_467906673797531-300x225.jpeg 300w\" sizes=\"(max-width: 720px) 100vw, 720px\"\/><noscript><\/p>\n<p><img loading=\"lazy\" decoding=\"async\" width=\"720\" height=\"540\" src=\"https:\/\/www.elwatan.com\/wp-content\/uploads\/2019\/09\/received_467906673797531.jpeg\" class=\"attachment-post-thumbnail size-post-thumbnail wp-post-image\" alt=\"\" srcset=\"https:\/\/www.elwatan.com\/wp-content\/uploads\/2019\/09\/received_467906673797531.jpeg 720w, https:\/\/www.elwatan.com\/wp-content\/uploads\/2019\/09\/received_467906673797531-300x225.jpeg 300w\" sizes=\"auto, (max-width: 720px) 100vw, 720px\"\/><\/p>\n<p><\/noscript><\/div>\n<p>Le rejet total de l\u2019organisation des \u00e9lections pr\u00e9sidentielles avec le m\u00eames t\u00eates. Tel a \u00e9t\u00e9 le cr\u00e9do des manifestations de Ouargla et Touggourt ou de nouveau, des dizaines de citoyens ont particip\u00e9 \u00e0 la marche populaire du vendredi 30. Un vendredi sous le signe du matricule de cette wilaya du sud ou les marcheurs ont scand\u00e9 des slogans pour \u00ab un \u00e9tat civique et non militaire \u00bb et r\u00e9solument \u00ab contre des \u00e9lections organis\u00e9es par les gangs \u00bb. Les manifestants se sont rassembl\u00e9s apr\u00e8s les pri\u00e8res du vendredi \u00e0 la place de la Rose des sables, commun\u00e9ment appel\u00e9e El Hadjra, r\u00e9clamant le changement et une r\u00e9ponse aux revendications du mouvement populaire du 22 f\u00e9vrier.<\/p>\n<p><img class=\"aligncenter size-large wp-image-605377 c2\" data-cfsrc=\"https:\/\/www.elwatan.com\/wp-content\/uploads\/2019\/09\/received_544568066285883-1024x768.jpeg\" alt=\"\" width=\"1024\" height=\"768\" srcset=\"https:\/\/www.elwatan.com\/wp-content\/uploads\/2019\/09\/received_544568066285883-1024x768.jpeg 1024w, https:\/\/www.elwatan.com\/wp-content\/uploads\/2019\/09\/received_544568066285883-300x225.jpeg 300w, https:\/\/www.elwatan.com\/wp-content\/uploads\/2019\/09\/received_544568066285883-768x576.jpeg 768w, https:\/\/www.elwatan.com\/wp-content\/uploads\/2019\/09\/received_544568066285883-1320x990.jpeg 1320w\" sizes=\"(max-width: 1024px) 100vw, 1024px\"\/><\/p>\n<p><noscript><\/p>\n<p><img loading=\"lazy\" decoding=\"async\" class=\"aligncenter size-large wp-image-605377\" src=\"https:\/\/www.elwatan.com\/wp-content\/uploads\/2019\/09\/received_544568066285883-1024x768.jpeg\" alt=\"\" width=\"1024\" height=\"768\" srcset=\"https:\/\/www.elwatan.com\/wp-content\/uploads\/2019\/09\/received_544568066285883-1024x768.jpeg 1024w, https:\/\/www.elwatan.com\/wp-content\/uploads\/2019\/09\/received_544568066285883-300x225.jpeg 300w, https:\/\/www.elwatan.com\/wp-content\/uploads\/2019\/09\/received_544568066285883-768x576.jpeg 768w, https:\/\/www.elwatan.com\/wp-content\/uploads\/2019\/09\/received_544568066285883-1320x990.jpeg 1320w\" sizes=\"auto, (max-width: 1024px) 100vw, 1024px\"\/><\/p>\n<p><\/noscript><\/p>\n<p>Pendant tout le parcours qui a dur\u00e9 plus de deux heures \u00e0 travers la ville de Ouargla, les manifestant se sont dits \u00ab\u00a0R\u00e9solus \u00e0 faire aboutir le Hirak \u00bb, contre \u00ab les voleurs, les menteurs, qui se disent moudjahidine\u00a0\u00bb.<br \/>Cette nouvelle marche, qui a \u00e9t\u00e9 suivie par un d\u00e9bat public en plein air, a r\u00e9pondu \u00ab Non \u00bb \u00e0 l\u2019acc\u00e9l\u00e9ration des pr\u00e9paratifs des \u00e9lections pr\u00e9sidentielles d\u00e9cid\u00e9es par le chef d\u2019\u00e9tat-major des arm\u00e9es, qui a appel\u00e9 \u00e0 la convocation du corps \u00e9lectoral d\u2019ici au 15 septembre. Car pour les activistes de Ouargla, il s\u2019agit d\u2019affirmer \u00ab la d\u00e9termination du peuple \u00bb estime Nadhir Boukhetta qui parle d\u2019un renouveau salutaire des manifestations \u00ab les d\u00e9cisions du chef des arm\u00e9es ne font qu\u2019attiser la mobilisation et souder la foule qui se retrouve chaque semaine au meme endroit \u00bb. Aibek Abdelmalek estime quant \u00e0 lui qu\u2019\u00e0 \u00ab Ouargla, un nouveau souffle a permis aux manifestations de d\u00e9ferler et d\u2019\u0153uvrer \u00e0 l\u2019aboutissement des revendications du 22 f\u00e9vrier en motivant plius d\u2019implication, plus de d\u00e9bat, plus d\u2019ouverture d\u2019esprit et de tol\u00e9rance \u00bb.<\/p>\n<p><span class=\"post-views-label\">Post Views:<\/span> <span class=\"post-views-count\">0<\/span><\/p>\n<p><br class=\"c4\"\/><\/p>\n<p>Auteur: Mohand Yahiaoui<br \/>\n<a href=\"https:\/\/www.elwatan.com\/edition\/actualite\/ouargla-le-numero-30-qui-revendique-le-changement-13-09-2019\">Cliquez ici pour lire l&rsquo;article depuis sa source.<\/a><\/p>\n","protected":false},"excerpt":{"rendered":"<p>Le rejet total de l\u2019organisation des \u00e9lections pr\u00e9sidentielles avec le m\u00eames t\u00eates. Tel a \u00e9t\u00e9 le cr\u00e9do des manifestations de Ouargla et Touggourt ou de nouveau, des dizaines de citoyens ont particip\u00e9 \u00e0 la marche populaire du vendredi 30. Un vendredi sous le signe du matricule de cette wilaya du sud ou les marcheurs ont [&hellip;]<\/p>\n","protected":false},"author":1743,"featured_media":61062,"comment_status":"closed","ping_status":"closed","sticky":false,"template":"","format":"standard","meta":{"fifu_image_url":"","fifu_image_alt":"","footnotes":""},"categories":[73,53],"tags":[],"class_list":["post-61061","post","type-post","status-publish","format-standard","has-post-thumbnail","hentry","category-actualite","category-algerie"],"_links":{"self":[{"href":"https:\/\/linitiative.ca\/International\/wp-json\/wp\/v2\/posts\/61061","targetHints":{"allow":["GET"]}}],"collection":[{"href":"https:\/\/linitiative.ca\/International\/wp-json\/wp\/v2\/posts"}],"about":[{"href":"https:\/\/linitiative.ca\/International\/wp-json\/wp\/v2\/types\/post"}],"author":[{"embeddable":true,"href":"https:\/\/linitiative.ca\/International\/wp-json\/wp\/v2\/users\/1743"}],"replies":[{"embeddable":true,"href":"https:\/\/linitiative.ca\/International\/wp-json\/wp\/v2\/comments?post=61061"}],"version-history":[{"count":0,"href":"https:\/\/linitiative.ca\/International\/wp-json\/wp\/v2\/posts\/61061\/revisions"}],"wp:featuredmedia":[{"embeddable":true,"href":"https:\/\/linitiative.ca\/International\/wp-json\/"}],"wp:attachment":[{"href":"https:\/\/linitiative.ca\/International\/wp-json\/wp\/v2\/media?parent=61061"}],"wp:term":[{"taxonomy":"category","embeddable":true,"href":"https:\/\/linitiative.ca\/International\/wp-json\/wp\/v2\/categories?post=61061"},{"taxonomy":"post_tag","embeddable":true,"href":"https:\/\/linitiative.ca\/International\/wp-json\/wp\/v2\/tags?post=61061"}],"curies":[{"name":"wp","href":"https:\/\/api.w.org\/{rel}","templated":true}]}}