{"id":61063,"date":"2019-09-13T11:30:00","date_gmt":"2019-09-13T15:30:00","guid":{"rendered":"https:\/\/linitiative.ca\/International\/et-si-cest-finalement-le-transport-rural-qui-arbitrera-lelection-presidentielle-en-tunisie\/"},"modified":"2019-09-13T11:30:00","modified_gmt":"2019-09-13T15:30:00","slug":"et-si-cest-finalement-le-transport-rural-qui-arbitrera-lelection-presidentielle-en-tunisie","status":"publish","type":"post","link":"https:\/\/linitiative.ca\/International\/et-si-cest-finalement-le-transport-rural-qui-arbitrera-lelection-presidentielle-en-tunisie\/","title":{"rendered":"Et si c\u2019est finalement le transport rural qui arbitrera l\u2019\u00e9lection pr\u00e9sidentielle en Tunisie"},"content":{"rendered":"<p>Tr\u00eave de discours, place au vote! Le verdict des urnes pour l\u2019\u00e9lection pr\u00e9sidentielle en Tunisie ce dimanche 15 septembre d\u00e9pendra pour une partie non-n\u00e9gligeable d\u2019un facteur d\u00e9terminant: le transport rural. Ce fameux terme devenu g\u00e9n\u00e9rique sous l\u2019appellation de Nakl Rifi, couvre en fait cette flotte de v\u00e9hicules jaunes qui ne se limitent pas au milieu rural pour circuler en milieu urbain, voire sur des tron\u00e7ons de routes insoup\u00e7onnables comme Tunis \u2013 la Marsa.<\/p>\n<p>S\u2019ils sont suppos\u00e9s op\u00e9rer en toute l\u00e9galit\u00e9, sous permis d\u00fbment d\u00e9livr\u00e9 par les autorit\u00e9s en charge du transport terrestre, ils n\u2019excluent pas parmi leurs rangs des v\u00e9hicules informels qui portent leurs couleurs. De plus, ils sont concurrenc\u00e9s par les clandestins qui tentent de s\u2019\u00e9chapper \u00e0 la vigilance des forces de Police et de Garde nationale, et le minist\u00e8re du Transport. Le parc total est de plusieurs dizaines de milliers de v\u00e9hicules et leur r\u00e9partition g\u00e9ographique couvre toutes les 365 d\u00e9l\u00e9gations de Tunisie. Pas une localit\u00e9, pas un hameau ou douar qui ne soit pas desservi par le Nakl Rifi, c\u2019est dire la p\u00e9n\u00e9tration territoriale profonde et le maillage tr\u00e8s \u00e9tendu.<\/p>\n<h2>Le \u00abservice\u00bb assur\u00e9<\/h2>\n<p>En quoi alors le Nakl Rifi impactera le scrutin? La r\u00e9ponse est claire: comment emmener les \u00e9lecteurs vers les bureaux de vote, puis les ramener chez eux ? That is the question ? Cela est valable en milieu rural, mais aussi, sous d\u2019autres formes et avec d\u2019autres v\u00e9hicules, en milieu urbain. Le \u00abservice\u00bb concerne non seulement des personnes \u00e2g\u00e9es et des handicap\u00e9s physiques, mais aussi des jeunes et des moins jeunes. Jusque-l\u00e0, on est dans la \u00ab bonne action \u00bb, puisque cela sert \u00e0 r\u00e9duire le taux d\u2019abstention et am\u00e9liorer celui de la participation. Sauf que&#8230;<br \/>En fait, le \u00ab service \u00bb ne se limite pas au transport. Il est \u00e9galement command\u00e9 par les supporters de certains candidats pour \u00abinciter vivement\u00bb les \u00e9lecteurs \u00e0 aller accomplir leur devoir. Cela veut dire, les convaincre d\u2019accorder leurs suffrages \u00e0 tel ou tel candidat, les assister en cas de besoin, \u00e0 l\u2019int\u00e9rieur du bureau de vote, et s\u2019assurer de leur \u00abvote utile\u00bb. Le contrat est \u00e0 objectif pr\u00e9cis&#8230; et r\u00e9mun\u00e9ration cons\u00e9quente: \u00abpar t\u00eate d\u2019\u00e9lecteur utile!\u00bb<\/p>\n<h2>Montre-moi ta flotte, je te dirai si tu vas gagner<\/h2>\n<p>Toute la puissance d\u2019une campagne \u00e9lectorale effective reposera ainsi sur la capacit\u00e9 de recrutement et de d\u00e9ploiement des v\u00e9hicules de Nakl Rifi et consorts. A qui paye le plus, cash et en noir, \u00e9videmment ! A qui ma\u00eetrise le plus, contr\u00f4le et v\u00e9rifie. Les courses seront alors folles, le temps \u00e9tant limit\u00e9, pour effectuer le maximum de navettes vers les bureaux de votes, emmenant le plus possible d\u2019\u00e9lecteurs ! Dans une course contre la montre, depuis t\u00f4t le matin (ouverture des bureaux de vote \u00e0 8h) jusqu\u2019\u00e0 18 h, les records sont \u00e0 battre.<\/p>\n<p>Tous les sp\u00e9cialistes des \u00e9lections le confirment : campagnes, meetings, discours, m\u00e9dias, appels t\u00e9l\u00e9phoniques, mailings, affichage et autres ne sauraient s\u2019accomplir en vote utile que par cet accompagnement personnalis\u00e9 aux bureaux de vote. Les intentions peuvent \u00eatre excellentes. Il s\u2019agit alors de les convertir par le glissement du bulletin dans l\u2019urne. C\u2019est ce qui fera la diff\u00e9rence et tranchera en faveur du vainqueur. Le Nakl Rifi aura ainsi \u00e0 d\u00e9montrer son efficacit\u00e9 comme acc\u00e9l\u00e9rateur du taux de participation et levier \u00e9lectoral distinctivement avantageux en faveur de tel ou tel candidat.<br \/>A observer.<\/p>\n<p class=\"c2\"><strong>T.H.<\/strong><br \/>\u00a0<\/p>\n<p>Auteur:<br \/>\n<a href=\"https:\/\/www.leaders.com.tn\/article\/27950-et-si-c-est-finalement-le-transport-rural-qui-arbitrera-l-election-presidentielle-en-tunisie\">Cliquez ici pour lire l&rsquo;article depuis sa source.<\/a><\/p>\n","protected":false},"excerpt":{"rendered":"<p>Tr\u00eave de discours, place au vote! Le verdict des urnes pour l\u2019\u00e9lection pr\u00e9sidentielle en Tunisie ce dimanche 15 septembre d\u00e9pendra pour une partie non-n\u00e9gligeable d\u2019un facteur d\u00e9terminant: le transport rural. Ce fameux terme devenu g\u00e9n\u00e9rique sous l\u2019appellation de Nakl Rifi, couvre en fait cette flotte de v\u00e9hicules jaunes qui ne se limitent pas au milieu [&hellip;]<\/p>\n","protected":false},"author":1772,"featured_media":0,"comment_status":"closed","ping_status":"closed","sticky":false,"template":"","format":"standard","meta":{"fifu_image_url":"","fifu_image_alt":"","footnotes":""},"categories":[73,55],"tags":[],"class_list":["post-61063","post","type-post","status-publish","format-standard","hentry","category-actualite","category-tunisie"],"_links":{"self":[{"href":"https:\/\/linitiative.ca\/International\/wp-json\/wp\/v2\/posts\/61063","targetHints":{"allow":["GET"]}}],"collection":[{"href":"https:\/\/linitiative.ca\/International\/wp-json\/wp\/v2\/posts"}],"about":[{"href":"https:\/\/linitiative.ca\/International\/wp-json\/wp\/v2\/types\/post"}],"author":[{"embeddable":true,"href":"https:\/\/linitiative.ca\/International\/wp-json\/wp\/v2\/users\/1772"}],"replies":[{"embeddable":true,"href":"https:\/\/linitiative.ca\/International\/wp-json\/wp\/v2\/comments?post=61063"}],"version-history":[{"count":0,"href":"https:\/\/linitiative.ca\/International\/wp-json\/wp\/v2\/posts\/61063\/revisions"}],"wp:attachment":[{"href":"https:\/\/linitiative.ca\/International\/wp-json\/wp\/v2\/media?parent=61063"}],"wp:term":[{"taxonomy":"category","embeddable":true,"href":"https:\/\/linitiative.ca\/International\/wp-json\/wp\/v2\/categories?post=61063"},{"taxonomy":"post_tag","embeddable":true,"href":"https:\/\/linitiative.ca\/International\/wp-json\/wp\/v2\/tags?post=61063"}],"curies":[{"name":"wp","href":"https:\/\/api.w.org\/{rel}","templated":true}]}}