{"id":61064,"date":"2019-09-13T11:51:00","date_gmt":"2019-09-13T15:51:00","guid":{"rendered":"https:\/\/linitiative.ca\/International\/lafrique-du-nord-sinvite-dans-les-themes-environnementaux-decomondo-et-de-key-energy-2019-italie\/"},"modified":"2019-09-13T11:51:00","modified_gmt":"2019-09-13T15:51:00","slug":"lafrique-du-nord-sinvite-dans-les-themes-environnementaux-decomondo-et-de-key-energy-2019-italie","status":"publish","type":"post","link":"https:\/\/linitiative.ca\/International\/lafrique-du-nord-sinvite-dans-les-themes-environnementaux-decomondo-et-de-key-energy-2019-italie\/","title":{"rendered":"L\u2019Afrique du Nord s\u2019invite dans les th\u00e8mes environnementaux d\u2019Ecomondo et de Key Energy 2019 (Italie)"},"content":{"rendered":"<p><span class=\"c2\">Maroc, Tunisie et \u00c9gypte au c\u0153ur des deux salons d\u2019IEG<br \/>Leaders en \u00e9conomie circulaire, technologies vertes et \u00e9nergies renouvelables<\/span><\/p>\n<p>Rimini (Italie), 16 juillet 2019 &#8211; Mer M\u00e9diterran\u00e9e, \u00c9conomie bleue, Industrie 4.0 font partie des th\u00e8mes au c\u0153ur des axes de travail et d\u2019approfondissement sur l\u2019Afrique du Nord lors de la multitude d\u2019\u00e9v\u00e9nements programm\u00e9s \u00e0 Ecomondo (23e \u00e9dition) et Key Energy (13e \u00e9dition). Les deux salons d\u2019Italian Exhibition Group (IEG) ont lieu en Italie, au Salon de Rimini, du 5 au 8 novembre 2019, et sont des leaders dans les secteurs de l&rsquo;\u00e9conomie verte et des \u00e9nergies renouvelables, des solutions pour l\u2019efficacit\u00e9 \u00e9nerg\u00e9tique et les villes intelligentes.<\/p>\n<p>Gr\u00e2ce au soutien de comit\u00e9s scientifiques renomm\u00e9s pr\u00e9sid\u00e9s par le Professeur Fabio Fava (Ecomondo) et M. Gianni Silvestrini (ing\u00e9nieur, Key Energy) qui font partie des plus grands sp\u00e9cialistes de ces disciplines respectives en Italie et \u00e0 l&rsquo;\u00e9tranger, les deux salons sont un v\u00e9ritable vivier d\u2019innovations pour les entreprises.<\/p>\n<p>Ecomondo 2019 accueillera le meeting Italie &#8211; \u00c9gypte organis\u00e9 en partenariat avec l\u2019Ambassade d\u2019Italie au Caire pour le d\u00e9veloppement durable et les technologies vertes, une session de rencontres, s\u00e9minaires, congr\u00e8s sur le traitement de l\u2019eau, les d\u00e9chets et la mobilit\u00e9, deuxi\u00e8me \u00e9tape du Business Forum d\u2019Ecomondo dont l&rsquo;\u00e9dition de l\u2019ann\u00e9e derni\u00e8re en \u00c9gypte a connu un grand succ\u00e8s.<\/p>\n<p>La manifestation Key Energy s\u2019ouvrira sur l&rsquo;\u00e9v\u00e9nement d\u2019envergure internationale intitul\u00e9 \u00ab \u00c9nergies renouvelables, efficacit\u00e9, mobilit\u00e9 \u00e0 la lumi\u00e8re du Plan \u00c9nergie et Climat \u00bb sur le th\u00e8me des \u00e9nergies renouvelables et l&rsquo;\u00e9volution de la mobilit\u00e9 \u00e9lectrique durable, o\u00f9 interviendront des personnes influentes comme Davide Crippa, Sous-secr\u00e9taire MISE, le Professeur Vittorio Chiesa, Directeur Energy Strategy Group de l\u2019\u00c9cole polytechnique de Milan, Federico Testa, Pr\u00e9sident Enea, Roberto Moneta, Pr\u00e9sident GSE, Luigi Ferraris, Pr\u00e9sident directeur g\u00e9n\u00e9ral Terna, Alessandro Marangoni, Pr\u00e9sident directeur g\u00e9n\u00e9ral Althesys.<\/p>\n<p class=\"c3\"><img decoding=\"async\" src=\"\/uploads\/FCK_files\/Key_Eco_Panoramica.jpg\" alt=\"\" width=\"100%\" vspace=\"5\" hspace=\"5\" align=\"middle\"\/><\/p>\n<p>L\u2019atelier \u00ab L&rsquo;internationalisation du secteur italien des \u00e9nergies renouvelables afin de favoriser les investissements en Afrique \u00bb organis\u00e9 par Res4Africa&#038;Res4Med illustrera les perspectives et investissements en Afrique pour les entreprises priv\u00e9es qui op\u00e8rent dans le secteur. L&rsquo;\u00e9v\u00e9nement portera sur l\u2019approche int\u00e9gr\u00e9e au d\u00e9veloppement en Afrique dans les secteurs de l\u2019\u00e9nergie, l\u2019eau et les aliments, ainsi que sur les nouveaux instruments financiers pour acc\u00e9l\u00e9rer l\u2019investissement du secteur des \u00e9nergies renouvelables en Afrique.<\/p>\n<p>Autres rendez-vous de cet \u00e9v\u00e9nement, les congr\u00e8s organis\u00e9s par Wind Europe Association, l\u2019association de l\u2019\u00e9nergie \u00e9olienne en Europe, avec plus de 400 membres et active dans plus de 35 pays. Les rencontres porteront sur des th\u00e8mes li\u00e9s \u00e0 la Proposition de plan national int\u00e9gr\u00e9 pour l\u2019\u00c9nergie et le Climat (PNIEC) au niveau europ\u00e9en et sur le d\u00e9veloppement du secteur \u00e9olien, en partant de l\u2019importance de l\u2019Italie dans ce contexte.<\/p>\n<p>Constamment mis \u00e0 jour, le programme est disponible sur <a href=\"https:\/\/en.ecomondo.com%20ethttps:\/\/en.keyenergy.it\" target=\"_blank\" rel=\"noopener noreferrer\">https:\/\/en.ecomondo.com ethttps:\/\/en.keyenergy.it<\/a><br \/>\u00a0<\/p>\n<p>Auteur:<br \/>\n<a href=\"https:\/\/www.leaders.com.tn\/article\/27956-l-afrique-du-nord-s-invite-dans-les-themes-environnementaux-d-ecomondo-et-de-key-energy-2019-italie\">Cliquez ici pour lire l&rsquo;article depuis sa source.<\/a><\/p>\n","protected":false},"excerpt":{"rendered":"<p>Maroc, Tunisie et \u00c9gypte au c\u0153ur des deux salons d\u2019IEGLeaders en \u00e9conomie circulaire, technologies vertes et \u00e9nergies renouvelables Rimini (Italie), 16 juillet 2019 &#8211; Mer M\u00e9diterran\u00e9e, \u00c9conomie bleue, Industrie 4.0 font partie des th\u00e8mes au c\u0153ur des axes de travail et d\u2019approfondissement sur l\u2019Afrique du Nord lors de la multitude d\u2019\u00e9v\u00e9nements programm\u00e9s \u00e0 Ecomondo (23e [&hellip;]<\/p>\n","protected":false},"author":1772,"featured_media":61065,"comment_status":"closed","ping_status":"closed","sticky":false,"template":"","format":"standard","meta":{"fifu_image_url":"","fifu_image_alt":"","footnotes":""},"categories":[73,55],"tags":[],"class_list":["post-61064","post","type-post","status-publish","format-standard","has-post-thumbnail","hentry","category-actualite","category-tunisie"],"_links":{"self":[{"href":"https:\/\/linitiative.ca\/International\/wp-json\/wp\/v2\/posts\/61064","targetHints":{"allow":["GET"]}}],"collection":[{"href":"https:\/\/linitiative.ca\/International\/wp-json\/wp\/v2\/posts"}],"about":[{"href":"https:\/\/linitiative.ca\/International\/wp-json\/wp\/v2\/types\/post"}],"author":[{"embeddable":true,"href":"https:\/\/linitiative.ca\/International\/wp-json\/wp\/v2\/users\/1772"}],"replies":[{"embeddable":true,"href":"https:\/\/linitiative.ca\/International\/wp-json\/wp\/v2\/comments?post=61064"}],"version-history":[{"count":0,"href":"https:\/\/linitiative.ca\/International\/wp-json\/wp\/v2\/posts\/61064\/revisions"}],"wp:featuredmedia":[{"embeddable":true,"href":"https:\/\/linitiative.ca\/International\/wp-json\/"}],"wp:attachment":[{"href":"https:\/\/linitiative.ca\/International\/wp-json\/wp\/v2\/media?parent=61064"}],"wp:term":[{"taxonomy":"category","embeddable":true,"href":"https:\/\/linitiative.ca\/International\/wp-json\/wp\/v2\/categories?post=61064"},{"taxonomy":"post_tag","embeddable":true,"href":"https:\/\/linitiative.ca\/International\/wp-json\/wp\/v2\/tags?post=61064"}],"curies":[{"name":"wp","href":"https:\/\/api.w.org\/{rel}","templated":true}]}}