{"id":61066,"date":"2019-09-13T12:30:00","date_gmt":"2019-09-13T16:30:00","guid":{"rendered":"https:\/\/linitiative.ca\/International\/deces-du-diplomate-slaheddine-jemmali\/"},"modified":"2019-09-13T12:30:00","modified_gmt":"2019-09-13T16:30:00","slug":"deces-du-diplomate-slaheddine-jemmali","status":"publish","type":"post","link":"https:\/\/linitiative.ca\/International\/deces-du-diplomate-slaheddine-jemmali\/","title":{"rendered":"D\u00e9c\u00e8s du diplomate Slaheddine Jemmali"},"content":{"rendered":"<p class=\"MsoNormal\">Le diplomate Slaheddine Jemmali est d\u00e9c\u00e9d\u00e9 ce vendredi suite \u00e0 une longue maladie. Il avait 72 ans. Natif de Menzel Bouzelfa, il \u00e9tait titulaire du dipl\u00f4me de 3e Cycle en G\u00e9ographie politique \u00e0 la facult\u00e9 des Lettres et des sciences humaines 9 avril. Dans les ann\u00e9es 70, <span class=\"c2\">\u00a0<\/span>il int\u00e8gre le minist\u00e8re des Affaires \u00e9trang\u00e8res. Son premier poste \u00e0 l&rsquo;\u00e9tranger sera celui de conseiller culturel \u00e0 l&rsquo;ambssade de Tunisie au Caire, avant d&rsquo;\u00eatre d\u00e9sign\u00e9\u00a0 Consul g\u00e9n\u00e9ral \u00e0 Jeddah, puis \u00e0 Paris. En tant qu&rsquo;ambassadeur; il a \u00e9t\u00e9 successivement en poste \u00e0 Ryadh, Damas et le Caire Il sera \u00e9galeement repr\u00e9sentant\u00a0 permanent aupr\u00e8s de la Ligue des Etats arabes Par la suite, il r\u00e9int\u00e9grera le si\u00e8ge du minist\u00e8re des Affaires \u00e9trang\u00e8res o\u00f9 il prendra la direction g\u00e9n\u00e9rale du Monde arabe et islamique. En 2005, il sera nomm\u00e9 secr\u00e9taire d&rsquo;Etat aupr\u00e8s du ministre des Affaires \u00e9trang\u00e8res charg\u00e9 des affaires maghr\u00e9bines, arabes et africaines\u00a0 Deux ans apr\u00e8s, il est ambassadeur de Tunisie \u00e0 Oman puis \u00e0 Tripoli. Apr\u00e8s sa mise \u00e0 la retraite, il est nomm\u00e9 repr\u00e9sentant du secr\u00e9taire g\u00e9n\u00e9ral de la Ligue arabe en Libye, poste qu&rsquo;il occupera jusqu&rsquo;\u00e0 sa mort.<\/p>\n<p>Auteur:<br \/>\n<a href=\"https:\/\/www.leaders.com.tn\/article\/27953-deces-du-diplomate-slaheddine-jemmali\">Cliquez ici pour lire l&rsquo;article depuis sa source.<\/a><\/p>\n","protected":false},"excerpt":{"rendered":"<p>Le diplomate Slaheddine Jemmali est d\u00e9c\u00e9d\u00e9 ce vendredi suite \u00e0 une longue maladie. Il avait 72 ans. Natif de Menzel Bouzelfa, il \u00e9tait titulaire du dipl\u00f4me de 3e Cycle en G\u00e9ographie politique \u00e0 la facult\u00e9 des Lettres et des sciences humaines 9 avril. Dans les ann\u00e9es 70, \u00a0il int\u00e8gre le minist\u00e8re des Affaires \u00e9trang\u00e8res. Son [&hellip;]<\/p>\n","protected":false},"author":1772,"featured_media":0,"comment_status":"closed","ping_status":"closed","sticky":false,"template":"","format":"standard","meta":{"fifu_image_url":"","fifu_image_alt":"","footnotes":""},"categories":[73,55],"tags":[],"class_list":["post-61066","post","type-post","status-publish","format-standard","hentry","category-actualite","category-tunisie"],"_links":{"self":[{"href":"https:\/\/linitiative.ca\/International\/wp-json\/wp\/v2\/posts\/61066","targetHints":{"allow":["GET"]}}],"collection":[{"href":"https:\/\/linitiative.ca\/International\/wp-json\/wp\/v2\/posts"}],"about":[{"href":"https:\/\/linitiative.ca\/International\/wp-json\/wp\/v2\/types\/post"}],"author":[{"embeddable":true,"href":"https:\/\/linitiative.ca\/International\/wp-json\/wp\/v2\/users\/1772"}],"replies":[{"embeddable":true,"href":"https:\/\/linitiative.ca\/International\/wp-json\/wp\/v2\/comments?post=61066"}],"version-history":[{"count":0,"href":"https:\/\/linitiative.ca\/International\/wp-json\/wp\/v2\/posts\/61066\/revisions"}],"wp:attachment":[{"href":"https:\/\/linitiative.ca\/International\/wp-json\/wp\/v2\/media?parent=61066"}],"wp:term":[{"taxonomy":"category","embeddable":true,"href":"https:\/\/linitiative.ca\/International\/wp-json\/wp\/v2\/categories?post=61066"},{"taxonomy":"post_tag","embeddable":true,"href":"https:\/\/linitiative.ca\/International\/wp-json\/wp\/v2\/tags?post=61066"}],"curies":[{"name":"wp","href":"https:\/\/api.w.org\/{rel}","templated":true}]}}