{"id":61070,"date":"2019-09-13T12:13:08","date_gmt":"2019-09-13T16:13:08","guid":{"rendered":"https:\/\/linitiative.ca\/International\/universite-dete-cgem-le-maroc-a-besoin-dune-nouvelle-doctrine-daccords-de-libre-echange\/"},"modified":"2019-09-13T12:13:08","modified_gmt":"2019-09-13T16:13:08","slug":"universite-dete-cgem-le-maroc-a-besoin-dune-nouvelle-doctrine-daccords-de-libre-echange","status":"publish","type":"post","link":"https:\/\/linitiative.ca\/International\/universite-dete-cgem-le-maroc-a-besoin-dune-nouvelle-doctrine-daccords-de-libre-echange\/","title":{"rendered":"Universit\u00e9 d\u2019\u00e9t\u00e9 CGEM : Le Maroc a besoin d\u2019une nouvelle doctrine d\u2019accords de libre-\u00e9change"},"content":{"rendered":"<p>Le Maroc a une cinquantaine d\u2019<strong>accords de libre-\u00e9change<\/strong> avec plusieurs pays, dont les Etats-Unis, la Turquie\u2026 S\u2019il est vrai que cela constitue une opportunit\u00e9 importante, il n\u2019en demeure pas moins que malgr\u00e9 ces accords, les exportateurs marocains font toujours face \u00e0 plusieurs <strong>contraintes<\/strong> sur certains march\u00e9s avec lesquels ces accords existent.<\/p>\n<div class=\"c10\"\/>\n<p>Pourquoi les op\u00e9rateurs n\u2019arrivent pas \u00e0 mieux exploiter ces accords de libre-\u00e9change\u00a0? C\u2019est bien l\u2019une des questions auxquelles les intervenants du panel \u00ab\u00a0Accords de libre-\u00e9change, parlons-en\u00a0!\u00a0\u00bb dans le cadre de la 2<sup>\u00e8me<\/sup> \u00e9dition de l\u2019Universit\u00e9 d\u2019\u00e9t\u00e9 de la <strong>CGEM<\/strong>, ont r\u00e9pondu. Ainsi, pour El Aid Mahsoussi, Pr\u00e9sident de la Commission Commerce ext\u00e9rieur et Accords commerciaux \u00e0\u00a0 la CGEM, le Maroc n\u2019\u00e9tait d\u00e9j\u00e0 pas mieux pr\u00e9par\u00e9 pour n\u00e9gocier ces accords.<\/p>\n<p>De son c\u00f4t\u00e9, Younes Zrikem, Partner &#038; Associate Director, Boston Consulting Group, a estim\u00e9 que les choix faits par le Maroc sont strat\u00e9giques. \u00ab\u00a0Sans ces accords de libre-\u00e9change, on n\u2019aurait pas eu <strong>Renault<\/strong> ou tous ces grands groupes \u00e9trangers qui se sont install\u00e9s au Maroc ces derni\u00e8res ann\u00e9es\u00a0\u00bb, a-t-il soulign\u00e9. Amine El Baroudi, Pr\u00e9sident de la Soci\u00e9t\u00e9 Imp\u00e9riale des Th\u00e9s et Infusions, tr\u00e8s pr\u00e9sente dans l\u2019<strong>export<\/strong>, a relat\u00e9 son exp\u00e9rience avec les pays ayant sign\u00e9 un ALE avec le Maroc.<\/p>\n<p>\u00ab\u00a0Il y a certains pays qui jouent le jeu et d\u2019autres qui ne le jouent pas\u00a0\u00bb, a-t-il fait remarquer. \u00ab\u00a0Nous rencontrons beaucoup de probl\u00e8mes en Turquie par exemple, en d\u00e9pit de l\u2019<strong>ALE<\/strong>. Les autorit\u00e9s de ce pays font tout pour nous mettre les b\u00e2tons dans les roues, et on n\u2019arrive pas \u00e0 y exporter nos produits \u00bb, a-t-il poursuivi.<\/p>\n<p>M\u00eame si tous les intervenants ne partageaient pas le m\u00eame avis sur la question, ils sont quand-m\u00eame arriv\u00e9s \u00e0 se mettre d\u2019accord sur le fait qu\u2019il y a des choses \u00e0 am\u00e9liorer dans les ALE sign\u00e9s par le Maroc. \u00ab\u00a0Il est aujourd\u2019hui n\u00e9cessaire pour le Maroc d\u2019avoir une <strong>nouvelle doctrine<\/strong> d\u2019accords de libre-\u00e9change\u00a0\u00bb, a d\u2019ailleurs estim\u00e9 un des pan\u00e9listes.<\/p>\n<div class=\"c17\">\n<fieldset class=\"c16\">\n<legend><strong><span class=\"c11\">Challenge<\/span><span class=\"c12\">news<\/span><\/strong><\/legend>\n<div class=\"c15\">Le meilleur de la r\u00e9daction s\u00e9lectionn\u00e9 par Challenge :<\/p>\n<\/div>\n<\/fieldset>\n<\/div>\n<p>Auteur: Roland Amoussou<br \/>\n<a href=\"https:\/\/www.challenge.ma\/universite-dete-cgem-le-maroc-a-besoin-dune-nouvelle-doctrine-daccords-de-libre-echange-117265\/\">Cliquez ici pour lire l&rsquo;article depuis sa source.<\/a><\/p>\n","protected":false},"excerpt":{"rendered":"<p>Le Maroc a une cinquantaine d\u2019accords de libre-\u00e9change avec plusieurs pays, dont les Etats-Unis, la Turquie\u2026 S\u2019il est vrai que cela constitue une opportunit\u00e9 importante, il n\u2019en demeure pas moins que malgr\u00e9 ces accords, les exportateurs marocains font toujours face \u00e0 plusieurs contraintes sur certains march\u00e9s avec lesquels ces accords existent. Pourquoi les op\u00e9rateurs n\u2019arrivent [&hellip;]<\/p>\n","protected":false},"author":1787,"featured_media":0,"comment_status":"closed","ping_status":"closed","sticky":false,"template":"","format":"standard","meta":{"fifu_image_url":"","fifu_image_alt":"","footnotes":""},"categories":[78,54],"tags":[],"class_list":["post-61070","post","type-post","status-publish","format-standard","hentry","category-economie","category-maroc"],"_links":{"self":[{"href":"https:\/\/linitiative.ca\/International\/wp-json\/wp\/v2\/posts\/61070","targetHints":{"allow":["GET"]}}],"collection":[{"href":"https:\/\/linitiative.ca\/International\/wp-json\/wp\/v2\/posts"}],"about":[{"href":"https:\/\/linitiative.ca\/International\/wp-json\/wp\/v2\/types\/post"}],"author":[{"embeddable":true,"href":"https:\/\/linitiative.ca\/International\/wp-json\/wp\/v2\/users\/1787"}],"replies":[{"embeddable":true,"href":"https:\/\/linitiative.ca\/International\/wp-json\/wp\/v2\/comments?post=61070"}],"version-history":[{"count":0,"href":"https:\/\/linitiative.ca\/International\/wp-json\/wp\/v2\/posts\/61070\/revisions"}],"wp:attachment":[{"href":"https:\/\/linitiative.ca\/International\/wp-json\/wp\/v2\/media?parent=61070"}],"wp:term":[{"taxonomy":"category","embeddable":true,"href":"https:\/\/linitiative.ca\/International\/wp-json\/wp\/v2\/categories?post=61070"},{"taxonomy":"post_tag","embeddable":true,"href":"https:\/\/linitiative.ca\/International\/wp-json\/wp\/v2\/tags?post=61070"}],"curies":[{"name":"wp","href":"https:\/\/api.w.org\/{rel}","templated":true}]}}