{"id":61071,"date":"2019-09-13T12:30:20","date_gmt":"2019-09-13T16:30:20","guid":{"rendered":"https:\/\/linitiative.ca\/International\/les-manuels-scolaires-manquants-seront-disponibles-entre-les-17-et-20-septembre\/"},"modified":"2019-09-13T12:30:20","modified_gmt":"2019-09-13T16:30:20","slug":"les-manuels-scolaires-manquants-seront-disponibles-entre-les-17-et-20-septembre","status":"publish","type":"post","link":"https:\/\/linitiative.ca\/International\/les-manuels-scolaires-manquants-seront-disponibles-entre-les-17-et-20-septembre\/","title":{"rendered":"Les manuels scolaires manquants seront disponibles entre les 17 et 20 septembre"},"content":{"rendered":"<p><strong>Les 8 manuels scolaires non encore disponibles sur un total de 390 livres mis en place chaque ann\u00e9e seront sur le march\u00e9 entre le 17 et 20 septembre, a assur\u00e9 le ministre de l\u2019\u00c9ducation nationale, de la formation professionnelle, de l\u2019enseignement sup\u00e9rieur et de la recherche scientifique, Sa\u00efd Amzazi.<\/strong><\/p>\n<div class=\"c10\"\/>\n<p>Amzazi, qui \u00e9tait vendredi l\u2019invit\u00e9 de l\u2019\u00e9mission Inter Matin pr\u00e9sent\u00e9e par M\u2019hamed El Bhiri et diffus\u00e9e sur Cha\u00eene inter, a pr\u00e9cis\u00e9 que sur un total de 390 manuels scolaires, 341 ont \u00e9t\u00e9 mis sur le march\u00e9 depuis juin dernier, 24 autres d\u00e8s le 3 septembre et 13 autres depuis jeudi.<\/p>\n<p>Interrog\u00e9 sur le retard dans la livraison des manuels scolaires, le ministre a expliqu\u00e9 que seuls 8 manuels ne sont pas disponibles actuellement et qu\u2019ils seront sur le march\u00e9 entre le 17 et 20 septembre.<\/p>\n<p>Pour les manuels scolaires qui ne sont pas encore disponibles, il y a leurs \u00e9quivalents sur le march\u00e9, a-t-il fait savoir.<\/p>\n<div class=\"c17\">\n<fieldset class=\"c16\">\n<legend><strong><span class=\"c11\">Challenge<\/span><span class=\"c12\">news<\/span><\/strong><\/legend>\n<div class=\"c15\">Le meilleur de la r\u00e9daction s\u00e9lectionn\u00e9 par Challenge :<\/p>\n<\/div>\n<\/fieldset>\n<\/div>\n<p>Auteur: challenge<br \/>\n<a href=\"https:\/\/www.challenge.ma\/les-manuels-scolaires-manquants-seront-disponibles-entre-les-17-et-20-septembre-117272\/\">Cliquez ici pour lire l&rsquo;article depuis sa source.<\/a><\/p>\n","protected":false},"excerpt":{"rendered":"<p>Les 8 manuels scolaires non encore disponibles sur un total de 390 livres mis en place chaque ann\u00e9e seront sur le march\u00e9 entre le 17 et 20 septembre, a assur\u00e9 le ministre de l\u2019\u00c9ducation nationale, de la formation professionnelle, de l\u2019enseignement sup\u00e9rieur et de la recherche scientifique, Sa\u00efd Amzazi. Amzazi, qui \u00e9tait vendredi l\u2019invit\u00e9 de [&hellip;]<\/p>\n","protected":false},"author":1787,"featured_media":0,"comment_status":"closed","ping_status":"closed","sticky":false,"template":"","format":"standard","meta":{"fifu_image_url":"","fifu_image_alt":"","footnotes":""},"categories":[78,54],"tags":[],"class_list":["post-61071","post","type-post","status-publish","format-standard","hentry","category-economie","category-maroc"],"_links":{"self":[{"href":"https:\/\/linitiative.ca\/International\/wp-json\/wp\/v2\/posts\/61071","targetHints":{"allow":["GET"]}}],"collection":[{"href":"https:\/\/linitiative.ca\/International\/wp-json\/wp\/v2\/posts"}],"about":[{"href":"https:\/\/linitiative.ca\/International\/wp-json\/wp\/v2\/types\/post"}],"author":[{"embeddable":true,"href":"https:\/\/linitiative.ca\/International\/wp-json\/wp\/v2\/users\/1787"}],"replies":[{"embeddable":true,"href":"https:\/\/linitiative.ca\/International\/wp-json\/wp\/v2\/comments?post=61071"}],"version-history":[{"count":0,"href":"https:\/\/linitiative.ca\/International\/wp-json\/wp\/v2\/posts\/61071\/revisions"}],"wp:attachment":[{"href":"https:\/\/linitiative.ca\/International\/wp-json\/wp\/v2\/media?parent=61071"}],"wp:term":[{"taxonomy":"category","embeddable":true,"href":"https:\/\/linitiative.ca\/International\/wp-json\/wp\/v2\/categories?post=61071"},{"taxonomy":"post_tag","embeddable":true,"href":"https:\/\/linitiative.ca\/International\/wp-json\/wp\/v2\/tags?post=61071"}],"curies":[{"name":"wp","href":"https:\/\/api.w.org\/{rel}","templated":true}]}}