{"id":61072,"date":"2019-09-13T13:26:37","date_gmt":"2019-09-13T17:26:37","guid":{"rendered":"https:\/\/linitiative.ca\/International\/wlad-derb-lelivre-blanc-bientot-presente-au-casablancais\/"},"modified":"2019-09-13T13:26:37","modified_gmt":"2019-09-13T17:26:37","slug":"wlad-derb-lelivre-blanc-bientot-presente-au-casablancais","status":"publish","type":"post","link":"https:\/\/linitiative.ca\/International\/wlad-derb-lelivre-blanc-bientot-presente-au-casablancais\/","title":{"rendered":"Wlad Derb : Le\u00ablivre blanc\u00bb bient\u00f4t pr\u00e9sent\u00e9 au Casablancais"},"content":{"rendered":"<p><strong>Le Mouvement WladDerb s\u2019est lanc\u00e9 il y a plus de trois mois dans l\u2019\u00e9laboration d\u2019un \u00ab\u00a0Livre blanc pour Casablanca\u00a0\u00bb. Il organise un meeting pour le pr\u00e9senter, le mardi 17 septembre, dans l\u2019espace de th\u00e9\u00e2tre nomade aux abattoirs municipaux de Casablanca.<\/strong><\/p>\n<div class=\"c10\"\/>\n<p>Apr\u00e8s une s\u00e9rie d\u2019ateliers th\u00e9matiques r\u00e9unissant des experts et des jeunes int\u00e9ress\u00e9s par les affaires locales de Casablanca, ainsi qu\u2019un ensemble de contributions pour un groupe de citoyens casablancais, le Livre blanc a \u00e9t\u00e9 r\u00e9dig\u00e9 sur la base suivante : Diagnostic de la situation des secteurs concern\u00e9s dans cette premi\u00e8re \u00e9dition, expos\u00e9 des probl\u00e8mes actuels et proposition de solutions efficaces que nous allons pr\u00e9senter aux autorit\u00e9s comp\u00e9tentes, et qui feront l\u2019objet d\u2019un plan d\u2019action de plaidoirie men\u00e9 par le mouvement.<\/p>\n<p><img decoding=\"async\" src=\"https:\/\/www.challenge.ma\/wp-content\/uploads\/2019\/09\/70168095_2392791217670432_1910058165114765312_n.jpg\" alt=\"\" class=\"wp-image-117246\" srcset=\"https:\/\/www.challenge.ma\/wp-content\/uploads\/2019\/09\/70168095_2392791217670432_1910058165114765312_n.jpg 960w, https:\/\/www.challenge.ma\/wp-content\/uploads\/2019\/09\/70168095_2392791217670432_1910058165114765312_n-300x225.jpg 300w, https:\/\/www.challenge.ma\/wp-content\/uploads\/2019\/09\/70168095_2392791217670432_1910058165114765312_n-768x576.jpg 768w, https:\/\/www.challenge.ma\/wp-content\/uploads\/2019\/09\/70168095_2392791217670432_1910058165114765312_n-360x270.jpg 360w, https:\/\/www.challenge.ma\/wp-content\/uploads\/2019\/09\/70168095_2392791217670432_1910058165114765312_n-750x563.jpg 750w\" sizes=\"(max-width: 960px) 100vw, 960px\"\/><\/p>\n<p>\u00ab\u00a0Dans le cadre de sa dynamique locale \u00e0 Casablanca, et dans le but de consolider les principes de la d\u00e9mocratie participative, en croyant que la force de r\u00e9flexion et de proposition sont les moyens les plus importants pour une participation de la soci\u00e9t\u00e9 civile \u00e0 la l\u2019\u00e9laboration et \u00e0 l\u2019orientation des politiques locales de la ville\u00a0\u00bb, lit-on\u00a0dans le\u00a0communiqu\u00e9.<\/p>\n<p>Lire aussi: <a href=\"https:\/\/www.challenge.ma\/wlad-derb-un-livre-blanc-a-destination-des-autorites-casablancaise-115506\/\">Wlad Derb : Un \u00ablivre blanc\u00bb \u00e0 destination des autorit\u00e9s casablancaises<\/a><\/p>\n<p>Rappelons que le<strong>\u00a0<\/strong>\u201cMouvement Wlad Derb\u201d (enfants du quartier) avait lanc\u00e9 un appel\u00a0\u00e0\u00a0tous les Casablancais afin de contribuer \u00e0 la r\u00e9daction de son livre blanc, qui sera remis aux autorit\u00e9s concern\u00e9es.<\/p>\n<div class=\"c17\">\n<fieldset class=\"c16\">\n<legend><strong><span class=\"c11\">Challenge<\/span><span class=\"c12\">news<\/span><\/strong><\/legend>\n<div class=\"c15\">Le meilleur de la r\u00e9daction s\u00e9lectionn\u00e9 par Challenge :<\/p>\n<\/div>\n<\/fieldset>\n<\/div>\n<p>Auteur: Hajar DARI<br \/>\n<a href=\"https:\/\/www.challenge.ma\/wlad-derb-lelivre-blanc-bientot-presente-au-casablancais-117244\/\">Cliquez ici pour lire l&rsquo;article depuis sa source.<\/a><\/p>\n","protected":false},"excerpt":{"rendered":"<p>Le Mouvement WladDerb s\u2019est lanc\u00e9 il y a plus de trois mois dans l\u2019\u00e9laboration d\u2019un \u00ab\u00a0Livre blanc pour Casablanca\u00a0\u00bb. Il organise un meeting pour le pr\u00e9senter, le mardi 17 septembre, dans l\u2019espace de th\u00e9\u00e2tre nomade aux abattoirs municipaux de Casablanca. Apr\u00e8s une s\u00e9rie d\u2019ateliers th\u00e9matiques r\u00e9unissant des experts et des jeunes int\u00e9ress\u00e9s par les affaires [&hellip;]<\/p>\n","protected":false},"author":1787,"featured_media":61073,"comment_status":"closed","ping_status":"closed","sticky":false,"template":"","format":"standard","meta":{"fifu_image_url":"","fifu_image_alt":"","footnotes":""},"categories":[78,54],"tags":[],"class_list":["post-61072","post","type-post","status-publish","format-standard","has-post-thumbnail","hentry","category-economie","category-maroc"],"_links":{"self":[{"href":"https:\/\/linitiative.ca\/International\/wp-json\/wp\/v2\/posts\/61072","targetHints":{"allow":["GET"]}}],"collection":[{"href":"https:\/\/linitiative.ca\/International\/wp-json\/wp\/v2\/posts"}],"about":[{"href":"https:\/\/linitiative.ca\/International\/wp-json\/wp\/v2\/types\/post"}],"author":[{"embeddable":true,"href":"https:\/\/linitiative.ca\/International\/wp-json\/wp\/v2\/users\/1787"}],"replies":[{"embeddable":true,"href":"https:\/\/linitiative.ca\/International\/wp-json\/wp\/v2\/comments?post=61072"}],"version-history":[{"count":0,"href":"https:\/\/linitiative.ca\/International\/wp-json\/wp\/v2\/posts\/61072\/revisions"}],"wp:featuredmedia":[{"embeddable":true,"href":"https:\/\/linitiative.ca\/International\/wp-json\/"}],"wp:attachment":[{"href":"https:\/\/linitiative.ca\/International\/wp-json\/wp\/v2\/media?parent=61072"}],"wp:term":[{"taxonomy":"category","embeddable":true,"href":"https:\/\/linitiative.ca\/International\/wp-json\/wp\/v2\/categories?post=61072"},{"taxonomy":"post_tag","embeddable":true,"href":"https:\/\/linitiative.ca\/International\/wp-json\/wp\/v2\/tags?post=61072"}],"curies":[{"name":"wp","href":"https:\/\/api.w.org\/{rel}","templated":true}]}}