{"id":61074,"date":"2019-09-13T16:49:10","date_gmt":"2019-09-13T20:49:10","guid":{"rendered":"https:\/\/linitiative.ca\/International\/creation-de-lansr-le-decret-dapplication-de-la-loi-adopte\/"},"modified":"2019-09-13T16:49:10","modified_gmt":"2019-09-13T20:49:10","slug":"creation-de-lansr-le-decret-dapplication-de-la-loi-adopte","status":"publish","type":"post","link":"https:\/\/linitiative.ca\/International\/creation-de-lansr-le-decret-dapplication-de-la-loi-adopte\/","title":{"rendered":"Cr\u00e9ation de l\u2019ANSR : le d\u00e9cret d\u2019application de la loi adopt\u00e9"},"content":{"rendered":"<p><strong>Le Conseil de gouvernement, r\u00e9uni le jeudi 12 septembre courant \u00e0 Rabat sous la pr\u00e9sidence de Sa\u00e2d Dine El Otmani, Chef du gouvernement, a adopt\u00e9 le projet de d\u00e9cret n\u00b02.19.732. Il porte sur l\u2019application de la loi n\u00b0103.14 s\u2019agissant de la cr\u00e9ation de l\u2019Agence nationale de la s\u00e9curit\u00e9 routi\u00e8re (ANSR).\u00a0<\/strong><\/p>\n<div class=\"c10\"\/>\n<p>Pr\u00e9sent\u00e9 par le ministre de l\u2019\u00c9quipement, du Transport, de la Logistique et de l\u2019Eau, ce projet de d\u00e9cret d\u00e9termine les d\u00e9partements gouvernementaux et les instances professionnelles concern\u00e9s par les diff\u00e9rents secteurs li\u00e9s \u00e0 la s\u00e9curit\u00e9 routi\u00e8re et repr\u00e9sent\u00e9s au Conseil d\u2019administration de l\u2019ANSR, ainsi que le nombre de leurs repr\u00e9sentants. Des pr\u00e9cisions donn\u00e9es par Mustapha El-Khalfi, ministre d\u00e9l\u00e9gu\u00e9 charg\u00e9 des relations avec le Parlement et la soci\u00e9t\u00e9 civile, porte-parole du gouvernement, dans un communiqu\u00e9 qui a \u00e9t\u00e9 lu \u00e0 l\u2019issue de la r\u00e9union hebdomadaire du Conseil.\u00a0<\/p>\n<p>Le nouveau texte d\u00e9finit les modalit\u00e9s de transfert de l\u2019ensemble des biens immobiliers et mobiliers du Comit\u00e9 national de pr\u00e9vention des accidents de la circulation (CNPAC) \u00e0 l\u2019ANSR. Il stipule \u00e9galement le transfert des avoirs du CNPAC et des soldes en compte bancaire en son nom \u00e0 l\u2019ANSR.\u00a0<\/p>\n<p>Aussi, il pr\u00e9cise la mise \u00e0 disposition \u00e0 l\u2019ANSR des biens immobiliers et mobiliers relevant de la propri\u00e9t\u00e9 priv\u00e9e de l\u2019\u00c9tat et servant \u00e0 l\u2019autorit\u00e9 gouvernementale charg\u00e9e des transports.\u00a0<\/p>\n<p>Par ailleurs, il d\u00e9finit les modalit\u00e9s d\u2019application des dispositions de l\u2019article 17 de la loi n\u00b0103.14 susmentionn\u00e9e, relatif au remplacement de l\u2019\u00e9tat et du CNPAC par l\u2019ANSR dans leurs droits et obligations en mati\u00e8re de passation de march\u00e9s de travaux, de fournitures et de services ainsi que d\u2019autres contrats et conventions conclus avant l\u2019entr\u00e9e en vigueur de la pr\u00e9sente loi.\u00a0<\/p>\n<p>Faut-il souligner que l\u2019ANSR, disposera de pr\u00e9rogatives plus \u00e9largies compar\u00e9es \u00e0 celle du CNPAC. De quoi poursuivre pleinement la mise en \u0153uvre de la nouvelle strat\u00e9gie nationale de s\u00e9curit\u00e9 routi\u00e8re 2017-2026.\u00a0<\/p>\n<div class=\"c17\">\n<fieldset class=\"c16\">\n<legend><strong><span class=\"c11\">Challenge<\/span><span class=\"c12\">news<\/span><\/strong><\/legend>\n<div class=\"c15\">Le meilleur de la r\u00e9daction s\u00e9lectionn\u00e9 par Challenge :<\/p>\n<\/div>\n<\/fieldset>\n<\/div>\n<p>Auteur: David J\u00e9r\u00e9mie<br \/>\n<a href=\"https:\/\/www.challenge.ma\/creation-de-lansr-le-decret-dapplication-de-la-loi-adopte-117287\/\">Cliquez ici pour lire l&rsquo;article depuis sa source.<\/a><\/p>\n","protected":false},"excerpt":{"rendered":"<p>Le Conseil de gouvernement, r\u00e9uni le jeudi 12 septembre courant \u00e0 Rabat sous la pr\u00e9sidence de Sa\u00e2d Dine El Otmani, Chef du gouvernement, a adopt\u00e9 le projet de d\u00e9cret n\u00b02.19.732. Il porte sur l\u2019application de la loi n\u00b0103.14 s\u2019agissant de la cr\u00e9ation de l\u2019Agence nationale de la s\u00e9curit\u00e9 routi\u00e8re (ANSR).\u00a0 Pr\u00e9sent\u00e9 par le ministre de [&hellip;]<\/p>\n","protected":false},"author":1787,"featured_media":0,"comment_status":"closed","ping_status":"closed","sticky":false,"template":"","format":"standard","meta":{"fifu_image_url":"","fifu_image_alt":"","footnotes":""},"categories":[78,54],"tags":[],"class_list":["post-61074","post","type-post","status-publish","format-standard","hentry","category-economie","category-maroc"],"_links":{"self":[{"href":"https:\/\/linitiative.ca\/International\/wp-json\/wp\/v2\/posts\/61074","targetHints":{"allow":["GET"]}}],"collection":[{"href":"https:\/\/linitiative.ca\/International\/wp-json\/wp\/v2\/posts"}],"about":[{"href":"https:\/\/linitiative.ca\/International\/wp-json\/wp\/v2\/types\/post"}],"author":[{"embeddable":true,"href":"https:\/\/linitiative.ca\/International\/wp-json\/wp\/v2\/users\/1787"}],"replies":[{"embeddable":true,"href":"https:\/\/linitiative.ca\/International\/wp-json\/wp\/v2\/comments?post=61074"}],"version-history":[{"count":0,"href":"https:\/\/linitiative.ca\/International\/wp-json\/wp\/v2\/posts\/61074\/revisions"}],"wp:attachment":[{"href":"https:\/\/linitiative.ca\/International\/wp-json\/wp\/v2\/media?parent=61074"}],"wp:term":[{"taxonomy":"category","embeddable":true,"href":"https:\/\/linitiative.ca\/International\/wp-json\/wp\/v2\/categories?post=61074"},{"taxonomy":"post_tag","embeddable":true,"href":"https:\/\/linitiative.ca\/International\/wp-json\/wp\/v2\/tags?post=61074"}],"curies":[{"name":"wp","href":"https:\/\/api.w.org\/{rel}","templated":true}]}}