{"id":61075,"date":"2019-09-13T15:55:56","date_gmt":"2019-09-13T19:55:56","guid":{"rendered":"https:\/\/linitiative.ca\/International\/tunisie-le-message-de-reconnaissance-de-rene-trabelsi-a-youssef-chahed\/"},"modified":"2019-09-13T15:55:56","modified_gmt":"2019-09-13T19:55:56","slug":"tunisie-le-message-de-reconnaissance-de-rene-trabelsi-a-youssef-chahed","status":"publish","type":"post","link":"https:\/\/linitiative.ca\/International\/tunisie-le-message-de-reconnaissance-de-rene-trabelsi-a-youssef-chahed\/","title":{"rendered":"Tunisie \u2013 Le message de reconnaissance de Ren\u00e9 Trabelsi \u00e0 Youssef Chahed"},"content":{"rendered":"<div class=\"post-cont-in left relative\">\n<div class=\"swp_social_panel swp_horizontal_panel swp_flat_fresh swp_default_full_color swp_individual_full_color swp_other_full_color scale-100 scale-\" data-min-width=\"1100\" data-float-color=\"#ffffff\" data-float=\"none\" data-float-mobile=\"none\" data-transition=\"slide\">\n<div class=\"nc_tweetContainer swp_share_button total_shares total_sharesalt\"><span class=\"swp_count\">9 <span class=\"swp_label\">Partages<\/span><\/span><\/div>\n<\/div>\n<p>Le ministre du tourisme, Ren\u00e9 Trabelsi, a publi\u00e9, ce vendredi, sur sa page facebook, un post, dans lequel il a tenu \u00e0 t\u00e9moigner sa reconnaissance au chef du gouvernement Youssef Chahed qui lui a fait confiance et qui lui a offert l\u2019opportunit\u00e9 de travailler pour son pays.<\/p>\n<p>Trabelsi a tenu \u00e0 remercier Chahed pour cette confiance, pour lui avoir facilit\u00e9 le travail en r\u00e9instaurant la s\u00e9curit\u00e9 et la paix sociale dans le pays, et pour lui avoir donn\u00e9 carte blanche pour faire les choix qu\u2019il a jug\u00e9 bons et utiles.<\/p>\n<div class=\"code-block code-block-1 c3\"><ins class=\"adsbygoogle c2\" data-ad-layout=\"in-article\" data-ad-format=\"fluid\" data-ad-client=\"ca-pub-2102118777505746\" data-ad-slot=\"7301775417\"\/> <\/div>\n<p>Trabelsi a ajout\u00e9 qu\u2019il doit une grande partie de sa r\u00e9ussite aux d\u00e9cisions avant-gardistes \u00a0de Youssef Chahed dans le domaine du tourisme.<\/p>\n<p><img loading=\"lazy\" decoding=\"async\" class=\"aligncenter size-full wp-image-461295\" src=\"https:\/\/www.tunisienumerique.com\/wp-content\/uploads\/2019\/09\/chokran.jpg\" alt=\"\" width=\"551\" height=\"468\" data-lazy-srcset=\"https:\/\/www.tunisienumerique.com\/wp-content\/uploads\/2019\/09\/chokran.jpg 551w, https:\/\/www.tunisienumerique.com\/wp-content\/uploads\/2019\/09\/chokran-80x68.jpg 80w\" data-lazy-sizes=\"(max-width: 551px) 100vw, 551px\"\/><\/p>\n<p><noscript><\/p>\n<p><img loading=\"lazy\" decoding=\"async\" class=\"aligncenter size-full wp-image-461295\" src=\"https:\/\/www.tunisienumerique.com\/wp-content\/uploads\/2019\/09\/chokran.jpg\" alt=\"\" width=\"551\" height=\"468\" srcset=\"https:\/\/www.tunisienumerique.com\/wp-content\/uploads\/2019\/09\/chokran.jpg 551w, https:\/\/www.tunisienumerique.com\/wp-content\/uploads\/2019\/09\/chokran-80x68.jpg 80w\" sizes=\"auto, (max-width: 551px) 100vw, 551px\"\/><\/p>\n<p><\/noscript><\/p>\n<p><strong>Que se passe-t-il en Tunisie?<\/strong><br \/>Nous expliquons sur notre <a href=\"https:\/\/www.youtube.com\/channel\/UCRzypVq0B_yBad5eGrwBx0Q?sub_confirmation=1\" target=\"_blank\" rel=\"noopener noreferrer\">cha\u00eene YouTube<\/a> . <a href=\"https:\/\/www.youtube.com\/channel\/UCRzypVq0B_yBad5eGrwBx0Q?sub_confirmation=1\" target=\"_blank\" rel=\"noopener noreferrer\">Abonnez-vous!<\/a><\/p>\n<div class=\"mvp-org-wrap mvp-org-logo\" itemprop=\"publisher\" itemscope=\"\" itemtype=\"https:\/\/schema.org\/Organization\">\n<p><img decoding=\"async\" src=\"https:\/\/www.tunisienumerique.com\/wp-content\/uploads\/2017\/02\/logo_tunisie_numerique.png\"\/><\/p>\n<\/div>\n<div class=\"swp_social_panel swp_horizontal_panel swp_flat_fresh swp_default_full_color swp_individual_full_color swp_other_full_color scale-100 scale-\" data-min-width=\"1100\" data-float-color=\"#ffffff\" data-float=\"none\" data-float-mobile=\"none\" data-transition=\"slide\">\n<div class=\"nc_tweetContainer swp_share_button total_shares total_sharesalt\"><span class=\"swp_count\">9 <span class=\"swp_label\">Partages<\/span><\/span><\/div>\n<\/div>\n<div class=\"mvp-related-posts left relative\">\n<h4 class=\"post-header\"><span class=\"post-header\">Lire aussi<\/span><\/h4>\n<\/div>\n<\/div>\n<p>Auteur: LM<br \/>\n<a href=\"https:\/\/www.tunisienumerique.com\/tunisie-le-message-de-reconnaissance-de-rene-trabelsi-a-youssef-chahed\/\">Cliquez ici pour lire l&rsquo;article depuis sa source.<\/a><\/p>\n","protected":false},"excerpt":{"rendered":"<p>9 Partages Le ministre du tourisme, Ren\u00e9 Trabelsi, a publi\u00e9, ce vendredi, sur sa page facebook, un post, dans lequel il a tenu \u00e0 t\u00e9moigner sa reconnaissance au chef du gouvernement Youssef Chahed qui lui a fait confiance et qui lui a offert l\u2019opportunit\u00e9 de travailler pour son pays. Trabelsi a tenu \u00e0 remercier Chahed [&hellip;]<\/p>\n","protected":false},"author":1789,"featured_media":61076,"comment_status":"closed","ping_status":"closed","sticky":false,"template":"","format":"standard","meta":{"fifu_image_url":"","fifu_image_alt":"","footnotes":""},"categories":[73,55],"tags":[],"class_list":["post-61075","post","type-post","status-publish","format-standard","has-post-thumbnail","hentry","category-actualite","category-tunisie"],"_links":{"self":[{"href":"https:\/\/linitiative.ca\/International\/wp-json\/wp\/v2\/posts\/61075","targetHints":{"allow":["GET"]}}],"collection":[{"href":"https:\/\/linitiative.ca\/International\/wp-json\/wp\/v2\/posts"}],"about":[{"href":"https:\/\/linitiative.ca\/International\/wp-json\/wp\/v2\/types\/post"}],"author":[{"embeddable":true,"href":"https:\/\/linitiative.ca\/International\/wp-json\/wp\/v2\/users\/1789"}],"replies":[{"embeddable":true,"href":"https:\/\/linitiative.ca\/International\/wp-json\/wp\/v2\/comments?post=61075"}],"version-history":[{"count":0,"href":"https:\/\/linitiative.ca\/International\/wp-json\/wp\/v2\/posts\/61075\/revisions"}],"wp:featuredmedia":[{"embeddable":true,"href":"https:\/\/linitiative.ca\/International\/wp-json\/"}],"wp:attachment":[{"href":"https:\/\/linitiative.ca\/International\/wp-json\/wp\/v2\/media?parent=61075"}],"wp:term":[{"taxonomy":"category","embeddable":true,"href":"https:\/\/linitiative.ca\/International\/wp-json\/wp\/v2\/categories?post=61075"},{"taxonomy":"post_tag","embeddable":true,"href":"https:\/\/linitiative.ca\/International\/wp-json\/wp\/v2\/tags?post=61075"}],"curies":[{"name":"wp","href":"https:\/\/api.w.org\/{rel}","templated":true}]}}