{"id":61085,"date":"2019-09-13T06:05:33","date_gmt":"2019-09-13T10:05:33","guid":{"rendered":"https:\/\/linitiative.ca\/International\/g5-sahel-le-president-du-faso-preside-le-sommet-sur-linitiative-desert-to-power\/"},"modified":"2019-09-13T06:05:33","modified_gmt":"2019-09-13T10:05:33","slug":"g5-sahel-le-president-du-faso-preside-le-sommet-sur-linitiative-desert-to-power","status":"publish","type":"post","link":"https:\/\/linitiative.ca\/International\/g5-sahel-le-president-du-faso-preside-le-sommet-sur-linitiative-desert-to-power\/","title":{"rendered":"G5 Sahel : le pr\u00e9sident du Faso pr\u00e9side le Sommet sur l\u2019initiative \u00ab Desert to Power \u00bb"},"content":{"rendered":"<div class=\"td-post-featured-image\"><a href=\"https:\/\/i2.wp.com\/www.sidwaya.info\/wp-content\/uploads\/2019\/09\/presi-1.jpg?fit=960%2C640&#038;ssl=1\" data-caption=\"\"><img loading=\"lazy\" decoding=\"async\" width=\"696\" height=\"464\" class=\"entry-thumb td-modal-image\" src=\"https:\/\/i2.wp.com\/www.sidwaya.info\/wp-content\/uploads\/2019\/09\/presi-1.jpg?resize=696%2C464&#038;ssl=1\" srcset=\"https:\/\/i2.wp.com\/www.sidwaya.info\/wp-content\/uploads\/2019\/09\/presi-1.jpg?w=960&#038;ssl=1 960w, https:\/\/i2.wp.com\/www.sidwaya.info\/wp-content\/uploads\/2019\/09\/presi-1.jpg?resize=300%2C200&#038;ssl=1 300w, https:\/\/i2.wp.com\/www.sidwaya.info\/wp-content\/uploads\/2019\/09\/presi-1.jpg?resize=768%2C512&#038;ssl=1 768w, https:\/\/i2.wp.com\/www.sidwaya.info\/wp-content\/uploads\/2019\/09\/presi-1.jpg?resize=696%2C464&#038;ssl=1 696w, https:\/\/i2.wp.com\/www.sidwaya.info\/wp-content\/uploads\/2019\/09\/presi-1.jpg?resize=630%2C420&#038;ssl=1 630w\" sizes=\"auto, (max-width: 696px) 100vw, 696px\" alt=\"\" title=\"presi\"\/><\/a><\/div>\n<p>\u00a0Le pr\u00e9sident du Faso, Roch Marc Christian Kabor\u00e9, pr\u00e9sident en exercice du G5 Sahel, pr\u00e9sidera\u00a0 demain 13 septembre 2019 \u00e0 Ouagadougou, le Sommet du G5-Sahel sur l\u2019initiative \u00ab Desert to Power \u00bb.<\/p>\n<p>Cette rencontre de Ouagadougou, initiative\u00a0 du G5 Sahel et de la Banque africaine de D\u00e9veloppement (BAD), permettra au pr\u00e9sident Kabor\u00e9 et ses pairs du G5 Sahel\u00a0 de se pencher sur la probl\u00e9matique de l\u2019\u00e9nergie solaire autour du th\u00e8me : \u00ab Exploiter l\u2019Energie solaire pour le d\u00e9veloppement socio-\u00e9conomique des Pays du G5-Sahel \u00bb.<\/p>\n<p>L\u2019objectif de ce sommet est d\u2019obtenir l\u2019appui politique des pays du G5-Sahel\u00a0 pour renforcer la synergie d\u2019actions entre les parties prenantes, sur la mobilisation des financements de la BAD, ainsi que d\u2019autres partenaires de d\u00e9veloppement, au profit de la r\u00e9alisation de l\u2019Initiative \u00ab Desert to Power \u00bb dans les Etats membres.<\/p>\n<p>Cette rencontre sur l\u2019initiative \u00ab Desert to Power \u00bb constitue une action prioritaire pour l\u2019exploitation du potentiel solaire des pays du G5-Sahel, et vise \u00e0 accro\u00eetre l\u2019acc\u00e8s \u00e0 l\u2019\u00e9lectricit\u00e9, suivant la vision d\u00e9finie par le pr\u00e9sident du Faso dans le cadre de son mandat en cours \u00e0 la t\u00eate de la Conf\u00e9rence des Chefs d\u2019Etat et de Gouvernement du G5-Sahel.<\/p>\n<p>Le sommet de Ouagadougou regroupera les chefs d\u2019Etat des pays du G5-Sahel, les ministres de l\u2019\u00e9nergie des Etats membres, le secr\u00e9tariat permanent du G5-Sahel, le groupe de la BAD, ainsi que d\u2019autres partenaires de d\u00e9veloppement.<\/p>\n<p>Illustration\/Archives: le pr\u00e9sident du Faso, lors du sommet du G5 Sahel \u00e0 Ouagadougou, le 5 f\u00e9vrier 2019.<\/p>\n<p>Direction de la communication de la pr\u00e9sidence du Faso \u2013 DCPM\/minist\u00e8re de l\u2019Energie<\/p>\n<div class=\"td-a-rec td-a-rec-id-content_bottom td_uid_30_5d7c0da1f139c_rand td_block_template_1\"><img loading=\"lazy\" decoding=\"async\" class=\"aligncenter size-full wp-image-9623\" src=\"https:\/\/www.sidwaya.info\/wp-content\/uploads\/2019\/06\/Projet-bannie%CC%80re-Orange-mobile.jpg\" alt=\"\" width=\"728\" height=\"81\"\/><\/div>\n<p>Auteur: BS. Sidwaya<br \/>\n<a href=\"https:\/\/www.sidwaya.info\/blog\/2019\/09\/13\/g5-sahel-le-president-du-faso-preside-le-sommet-sur-linitiative-desert-to-power\/\">Cliquez ici pour lire l&rsquo;article depuis sa source.<\/a><\/p>\n","protected":false},"excerpt":{"rendered":"<p>\u00a0Le pr\u00e9sident du Faso, Roch Marc Christian Kabor\u00e9, pr\u00e9sident en exercice du G5 Sahel, pr\u00e9sidera\u00a0 demain 13 septembre 2019 \u00e0 Ouagadougou, le Sommet du G5-Sahel sur l\u2019initiative \u00ab Desert to Power \u00bb. Cette rencontre de Ouagadougou, initiative\u00a0 du G5 Sahel et de la Banque africaine de D\u00e9veloppement (BAD), permettra au pr\u00e9sident Kabor\u00e9 et ses pairs [&hellip;]<\/p>\n","protected":false},"author":1816,"featured_media":0,"comment_status":"closed","ping_status":"closed","sticky":false,"template":"","format":"standard","meta":{"fifu_image_url":"","fifu_image_alt":"","footnotes":""},"categories":[73,81],"tags":[],"class_list":["post-61085","post","type-post","status-publish","format-standard","hentry","category-actualite","category-burkina-faso"],"_links":{"self":[{"href":"https:\/\/linitiative.ca\/International\/wp-json\/wp\/v2\/posts\/61085","targetHints":{"allow":["GET"]}}],"collection":[{"href":"https:\/\/linitiative.ca\/International\/wp-json\/wp\/v2\/posts"}],"about":[{"href":"https:\/\/linitiative.ca\/International\/wp-json\/wp\/v2\/types\/post"}],"author":[{"embeddable":true,"href":"https:\/\/linitiative.ca\/International\/wp-json\/wp\/v2\/users\/1816"}],"replies":[{"embeddable":true,"href":"https:\/\/linitiative.ca\/International\/wp-json\/wp\/v2\/comments?post=61085"}],"version-history":[{"count":0,"href":"https:\/\/linitiative.ca\/International\/wp-json\/wp\/v2\/posts\/61085\/revisions"}],"wp:attachment":[{"href":"https:\/\/linitiative.ca\/International\/wp-json\/wp\/v2\/media?parent=61085"}],"wp:term":[{"taxonomy":"category","embeddable":true,"href":"https:\/\/linitiative.ca\/International\/wp-json\/wp\/v2\/categories?post=61085"},{"taxonomy":"post_tag","embeddable":true,"href":"https:\/\/linitiative.ca\/International\/wp-json\/wp\/v2\/tags?post=61085"}],"curies":[{"name":"wp","href":"https:\/\/api.w.org\/{rel}","templated":true}]}}