{"id":61086,"date":"2019-09-13T06:26:14","date_gmt":"2019-09-13T10:26:14","guid":{"rendered":"https:\/\/linitiative.ca\/International\/20eme-jatpi-le-message-du-ministre-du-commerce-de-lindustrie-et-de-lartisanat\/"},"modified":"2019-09-13T06:26:14","modified_gmt":"2019-09-13T10:26:14","slug":"20eme-jatpi-le-message-du-ministre-du-commerce-de-lindustrie-et-de-lartisanat","status":"publish","type":"post","link":"https:\/\/linitiative.ca\/International\/20eme-jatpi-le-message-du-ministre-du-commerce-de-lindustrie-et-de-lartisanat\/","title":{"rendered":"20\u00e8me\u00a0 JATPI\u00a0: le message du ministre du Commerce, de l\u2019Industrie et de l\u2019Artisanat"},"content":{"rendered":"<div class=\"td-post-featured-image\"><a href=\"https:\/\/i2.wp.com\/www.sidwaya.info\/wp-content\/uploads\/2019\/09\/oapi.jpg?fit=500%2C352&#038;ssl=1\" data-caption=\"\"><img loading=\"lazy\" decoding=\"async\" width=\"500\" height=\"352\" class=\"entry-thumb td-modal-image\" src=\"https:\/\/i2.wp.com\/www.sidwaya.info\/wp-content\/uploads\/2019\/09\/oapi.jpg?resize=500%2C352&#038;ssl=1\" srcset=\"https:\/\/i2.wp.com\/www.sidwaya.info\/wp-content\/uploads\/2019\/09\/oapi.jpg?w=500&#038;ssl=1 500w, https:\/\/i2.wp.com\/www.sidwaya.info\/wp-content\/uploads\/2019\/09\/oapi.jpg?resize=300%2C211&#038;ssl=1 300w, https:\/\/i2.wp.com\/www.sidwaya.info\/wp-content\/uploads\/2019\/09\/oapi.jpg?resize=100%2C70&#038;ssl=1 100w\" sizes=\"auto, (max-width: 500px) 100vw, 500px\" alt=\"\" title=\"oapi\"\/><\/a><\/div>\n<p>Le 13 septembre de chaque ann\u00e9e, date anniversaire de la cr\u00e9ation de l\u2019Organisation Africaine de la Propri\u00e9t\u00e9 Intellectuelle (OAPI), est c\u00e9l\u00e9br\u00e9e sur le continent, la Journ\u00e9e Africaine de la Technologie et de la Propri\u00e9t\u00e9 Intellectuelle.<\/p>\n<p>Cette journ\u00e9e institu\u00e9e en 1999 par la Conf\u00e9rence des Chefs d\u2019Etat et de Gouvernement des pays membres de l\u2019Union Africaine est une occasion pour les institutions \u00e9tatiques et la soci\u00e9t\u00e9 civile de r\u00e9fl\u00e9chir aux politiques, strat\u00e9gies et pratiques impliquant la propri\u00e9t\u00e9 intellectuelle et la technologie afin de r\u00e9pondre aux d\u00e9fis de d\u00e9veloppement technologique du continent.<\/p>\n<p>Le th\u00e8me choisi cette ann\u00e9e pour c\u00e9l\u00e9brer la 20<sup>\u00e8me<\/sup> \u00e9dition de la Journ\u00e9e Africaine de la Technologie et de la Propri\u00e9t\u00e9 Intellectuelle (JATPI) est\u00a0:\u00a0<strong>\u00ab\u00a0Propri\u00e9t\u00e9 intellectuelle et changement climatique\u00a0\u00bb.<\/strong><\/p>\n<p><strong>Mesdames et Messieurs,<\/strong><\/p>\n<p><strong>Chers compatriotes,<\/strong><\/p>\n<p>A travers ce th\u00e8me, il est question de mettre en lumi\u00e8re les solutions que peuvent apporter la technologie et la propri\u00e9t\u00e9 intellectuelle aux probl\u00e8mes de changement climatique qui affectent le monde entier.<\/p>\n<p>En effet, depuis pr\u00e8s d\u2019une vingtaine d\u2019ann\u00e9es, le changement climatique est de plus en plus perceptible \u00e0 travers le monde, avec des effets n\u00e9fastes variables d\u2019une r\u00e9gion \u00e0 une autre.<\/p>\n<p>Ces effets se caract\u00e9risent entre autres, par la hausse de temp\u00e9rature, les inondations, la s\u00e9cheresse, la baisse du niveau des pr\u00e9cipitations, la r\u00e9duction des rendements agricoles et de l\u2019\u00e9levage, impactant n\u00e9gativement le d\u00e9veloppement industriel et \u00e9conomique des Etats comme le Burkina Faso dont l\u2019\u00e9conomie d\u00e9pend fortement de l\u2019Agriculture. Ils affectent \u00e9galement de mani\u00e8re n\u00e9gative la qualit\u00e9 de vie des populations rurales comme urbaines. Les inondations du 1<sup>er<\/sup> septembre 2009 au Burkina Faso et plus pr\u00e9cis\u00e9ment \u00e0 Ouagadougou en est une parfaite illustration.<\/p>\n<p>La menace est manifeste et compromet gravement l\u2019avenir de l\u2019humanit\u00e9, d\u2019o\u00f9 l\u2019urgence et la n\u00e9cessit\u00e9 d\u2019agir au plus vite. C\u2019est pour cette raison que toute l\u2019attention du monde est orient\u00e9e sur ce sujet. A ce titre, 150 chefs d\u2019Etats et autres dirigeants se sont r\u00e9unis \u00e0 Paris du 30 novembre au 12 d\u00e9cembre 2015 \u00e0 la 21<sup>\u00e8me<\/sup> session de la Conf\u00e9rence des Parties (COP 21) \u00e0 la Convention Cadre des Nations Unies sur le Changement Climatique (CCNUCC). Cette Conf\u00e9rence a abouti \u00e0 un accord universel dont le plan d\u2019action pr\u00e9voit le maintien du r\u00e9chauffement de la plan\u00e8te nettement en dessous de 2\u00b0C.<\/p>\n<p><strong>Mesdames et Messieurs,<\/strong><\/p>\n<p><strong>Chers compatriotes,<\/strong><\/p>\n<p>A d\u00e9faut d\u2019inverser la courbe ascendante du r\u00e9chauffement de la plan\u00e8te et des effets corollaires, il faut, \u00e0 tout le moins, \u0153uvrer \u00e0 en att\u00e9nuer les effets. Tous les moyens doivent \u00eatre mobilis\u00e9s \u00e0 cette fin. De ce point de vue, la propri\u00e9t\u00e9 intellectuelle et la technologie peuvent jouer un r\u00f4le majeur dans la cr\u00e9ation des conditions de r\u00e9silience face aux effets de changement climatique en Afrique en g\u00e9n\u00e9ral et au Burkina Faso en particulier.<\/p>\n<p>Dans ce sens, l\u2019information technique contenue dans les brevets d\u2019invention devrait \u00eatre utilement exploit\u00e9e par nos universit\u00e9s, instituts et centres de recherche, les \u00e9tablissements d\u2019enseignements techniques et professionnels, les cr\u00e9ateurs et innovateurs notamment dans les domaines de l\u2019\u00e9nergie, de la production d\u2019eau et des techniques agricoles.<\/p>\n<p>Le contenu de ces brevets peut d\u2019une part, \u00eatre librement exploit\u00e9 lorsque les brevets y relatifs sont tomb\u00e9s dans le domaine public \u00e0 travers les diff\u00e9rentes bases de donn\u00e9es mondiales accessibles sur internet, et d\u2019autre part contribuer \u00e0 soutenir l\u2019innovation de nos chercheurs afin de d\u00e9velopper des solutions endog\u00e8nes aux probl\u00e9matiques de notre environnement.<\/p>\n<p>Par ailleurs, le d\u00e9veloppement et l\u2019exploitation de nouvelles vari\u00e9t\u00e9s v\u00e9g\u00e9tales plus aptes \u00e0 r\u00e9sister aux effets de changement climatique, permet de renforcer la productivit\u00e9 agricole contribuant ainsi \u00e0 la s\u00e9curit\u00e9 alimentaire.<\/p>\n<p>Dans cette perspective, il convient de reconnaitre et saluer les efforts fournis par \u00a0l\u2019Institut de l\u2019Environnement et de Recherches Agricoles (INERA) du Centre National de la Recherche Scientifique et Technologique (CNRST) ces derni\u00e8res ann\u00e9es, pour mettre \u00e0 la disposition de nos braves paysans de nouvelles vari\u00e9t\u00e9s de semences et d\u2019esp\u00e8ces v\u00e9g\u00e9tales plus rentables et r\u00e9silientes.<\/p>\n<p><strong>Mesdames et Messieurs,<\/strong><\/p>\n<p><strong>Chers compatriotes,<\/strong><\/p>\n<p>L\u2019Organisation Africaine de la Propri\u00e9t\u00e9 Intellectuelle, office de propri\u00e9t\u00e9 intellectuelle commun \u00e0 nos dix-sept Etats dont le Burkina Faso, fait de l\u2019utilisation strat\u00e9gique du syst\u00e8me de la propri\u00e9t\u00e9 intellectuelle, un maillon important dans sa mission de contribution au d\u00e9veloppement technologique et \u00e9conomique de nos Etats.<\/p>\n<p>C\u2019est dans cette optique que s\u2019inscrit le projet de protection et de promotion du syst\u00e8me des obtentions v\u00e9g\u00e9tales. L\u2019enjeu de ce projet est de renforcer et de promouvoir le syst\u00e8me de protection des obtentions v\u00e9g\u00e9tales dans les Etats membres afin de stimuler la productivit\u00e9 agricole, de contribuer \u00e0 la s\u00e9curit\u00e9 alimentaire et de promouvoir le d\u00e9veloppement durable de ces Etats.<\/p>\n<p>Vous comprenez pourquoi, \u00e0 l\u2019instar de la communaut\u00e9 africaine, notre pays le Burkina Faso, membre de l\u2019Organisation Africaine de la Propri\u00e9t\u00e9 Intellectuelle (OAPI) c\u00e9l\u00e8bre cette journ\u00e9e.<\/p>\n<p>L\u2019int\u00e9r\u00eat ici, est de sensibiliser les d\u00e9cideurs politiques, les op\u00e9rateurs \u00e9conomiques, les chercheurs et la communaut\u00e9 scientifique sur le r\u00f4le que joue la propri\u00e9t\u00e9 intellectuelle dans l\u2019approche des solutions aux effets du changement climatique.<\/p>\n<p><strong>Mesdames et Messieurs,<\/strong><\/p>\n<p><strong>Chers compatriotes,<\/strong><\/p>\n<p>Je saisis cette occasion pour rendre ici un vibrant hommage \u00e0 notre compatriote \u00ab\u00a0<strong>le doyen Yacouba SAWADOGO\u00bb,<\/strong> laur\u00e9at du prix Nobel Alternatif 2018, pour son engagement et ses actions pour la restauration des sols d\u00e9grad\u00e9s avec des m\u00e9thodes et des techniques simples, pratiques et adapt\u00e9es.<\/p>\n<p>Je voudrais, pour terminer, inviter la soci\u00e9t\u00e9 civile, le monde de la recherche, les acteurs \u00e9conomiques \u00e0 redoubler d\u2019efforts pour cr\u00e9er une synergie nationale afin de r\u00e9fl\u00e9chir aux solutions p\u00e9rennes face aux d\u00e9fis de notre environnement et d\u2019int\u00e9grer pleinement la technologie et la propri\u00e9t\u00e9 intellectuelle comme moyens efficaces de r\u00e9silience face au changement climatique qui affecte notre pays le Burkina Faso.<\/p>\n<p>Vive le Burkina Faso\u00a0!<\/p>\n<p>Vive l\u2019Organisation Africaine de la Propri\u00e9t\u00e9 Intellectuelle\u00a0!<\/p>\n<p>Vive l\u2019Union Africaine\u00a0!<\/p>\n<p>Vive la coop\u00e9ration internationale\u00a0!<\/p>\n<p>Je vous remercie\u00a0!<\/p>\n<p><strong>\u00a0 <u>Harouna KABORE<\/u><\/strong><\/p>\n<p><em>\u00a0 \u00a0<\/em><em>Officier de l\u2019Ordre de l\u2019Etalon<\/em><\/p>\n<p><strong>\u00a0<\/strong><\/p>\n<div class=\"td-a-rec td-a-rec-id-content_bottom td_uid_30_5d7c0da5b3461_rand td_block_template_1\"><img loading=\"lazy\" decoding=\"async\" class=\"aligncenter size-full wp-image-9623\" src=\"https:\/\/www.sidwaya.info\/wp-content\/uploads\/2019\/06\/Projet-bannie%CC%80re-Orange-mobile.jpg\" alt=\"\" width=\"728\" height=\"81\"\/><\/div>\n<p>Auteur: BS. Sidwaya<br \/>\n<a href=\"https:\/\/www.sidwaya.info\/blog\/2019\/09\/13\/20eme-jatpi-le-message-du-ministre-du-commerce-de-lindustrie-et-de-lartisanat\/\">Cliquez ici pour lire l&rsquo;article depuis sa source.<\/a><\/p>\n","protected":false},"excerpt":{"rendered":"<p>Le 13 septembre de chaque ann\u00e9e, date anniversaire de la cr\u00e9ation de l\u2019Organisation Africaine de la Propri\u00e9t\u00e9 Intellectuelle (OAPI), est c\u00e9l\u00e9br\u00e9e sur le continent, la Journ\u00e9e Africaine de la Technologie et de la Propri\u00e9t\u00e9 Intellectuelle. Cette journ\u00e9e institu\u00e9e en 1999 par la Conf\u00e9rence des Chefs d\u2019Etat et de Gouvernement des pays membres de l\u2019Union Africaine [&hellip;]<\/p>\n","protected":false},"author":1816,"featured_media":0,"comment_status":"closed","ping_status":"closed","sticky":false,"template":"","format":"standard","meta":{"fifu_image_url":"","fifu_image_alt":"","footnotes":""},"categories":[73,81],"tags":[],"class_list":["post-61086","post","type-post","status-publish","format-standard","hentry","category-actualite","category-burkina-faso"],"_links":{"self":[{"href":"https:\/\/linitiative.ca\/International\/wp-json\/wp\/v2\/posts\/61086","targetHints":{"allow":["GET"]}}],"collection":[{"href":"https:\/\/linitiative.ca\/International\/wp-json\/wp\/v2\/posts"}],"about":[{"href":"https:\/\/linitiative.ca\/International\/wp-json\/wp\/v2\/types\/post"}],"author":[{"embeddable":true,"href":"https:\/\/linitiative.ca\/International\/wp-json\/wp\/v2\/users\/1816"}],"replies":[{"embeddable":true,"href":"https:\/\/linitiative.ca\/International\/wp-json\/wp\/v2\/comments?post=61086"}],"version-history":[{"count":0,"href":"https:\/\/linitiative.ca\/International\/wp-json\/wp\/v2\/posts\/61086\/revisions"}],"wp:attachment":[{"href":"https:\/\/linitiative.ca\/International\/wp-json\/wp\/v2\/media?parent=61086"}],"wp:term":[{"taxonomy":"category","embeddable":true,"href":"https:\/\/linitiative.ca\/International\/wp-json\/wp\/v2\/categories?post=61086"},{"taxonomy":"post_tag","embeddable":true,"href":"https:\/\/linitiative.ca\/International\/wp-json\/wp\/v2\/tags?post=61086"}],"curies":[{"name":"wp","href":"https:\/\/api.w.org\/{rel}","templated":true}]}}