{"id":61087,"date":"2019-09-13T14:50:02","date_gmt":"2019-09-13T18:50:02","guid":{"rendered":"https:\/\/linitiative.ca\/International\/primaire-democrate-meme-combatif-biden-echoue-a-dissiper-les-doutes\/"},"modified":"2019-09-13T14:50:02","modified_gmt":"2019-09-13T18:50:02","slug":"primaire-democrate-meme-combatif-biden-echoue-a-dissiper-les-doutes","status":"publish","type":"post","link":"https:\/\/linitiative.ca\/International\/primaire-democrate-meme-combatif-biden-echoue-a-dissiper-les-doutes\/","title":{"rendered":"Primaire d\u00e9mocrate: m\u00eame combatif, Biden \u00e9choue \u00e0 dissiper les doutes"},"content":{"rendered":"<div readability=\"32\">\n<p>Publi\u00e9 le 13.09.2019 \u00e0 19h50 par AFP<\/p>\n<\/div>\n<div readability=\"150\">\n<p>Le favori de la primaire d\u00e9mocrate Joe Biden a \u00e9t\u00e9 cr\u00e9dit\u00e9 d\u2019une solide performance lors d\u2019un d\u00e9bat t\u00e9l\u00e9vis\u00e9 face \u00e0 ses rivaux, mais des questions persistent vendredi sur sa capacit\u00e9 \u00e0 croiser le fer avec Donald Trump en 2020.<\/p>\n<p>Face \u00e0 ces deux rivaux bien plus \u00e0 gauche dans le trio de t\u00eate, les s\u00e9nateurs progressistes Bernie Sanders et Elizabeth Warren, l\u2019ancien vice-pr\u00e9sident de Barack Obama a tenu \u00e0 se pr\u00e9senter en candidat r\u00e9aliste, soucieux de r\u00e9pondre aux pr\u00e9occupations de la classe moyenne et des ouvriers.<\/p>\n<p>\u00ab\u00a0J\u2019ai parl\u00e9 de (\u2026) comment je livrerai des avanc\u00e9es tangibles sur les questions les plus urgentes auxquelles font face les familles de travailleurs\u00a0\u00bb, a tweet\u00e9 Joe Biden vendredi.<\/p>\n<p>Parti \u00e0 l\u2019offensive, s\u2019arrogeant le micro plus fermement que lors des pr\u00e9c\u00e9dents d\u00e9bats, cet ex-s\u00e9nateur pendant plus de 35 ans a toutefois err\u00e9 dans plusieurs r\u00e9ponses, et a d\u00fb d\u00e9fendre plusieurs points de son long bilan.<\/p>\n<p>Mais malgr\u00e9 les appels au rassemblement pour battre Donald Trump, ses rivaux n\u2019ont pas \u00e9pargn\u00e9 Joe Biden, dont la forme interroge apr\u00e8s un \u00e9t\u00e9 marqu\u00e9 de faux pas.<\/p>\n<p>En sous-entendant que le septuag\u00e9naire devenait s\u00e9nile, le petit candidat Julian Castro a provoqu\u00e9 les hu\u00e9es d\u2019une partie du public et \u00e9t\u00e9 accus\u00e9 de frapper sous la ceinture.<\/p>\n<p>Sa voix n\u2019est pas rest\u00e9e isol\u00e9e. Chantre du rassemblement, le s\u00e9nateur Cory Booker a pourtant ass\u00e9n\u00e9 un autre coup au v\u00e9t\u00e9ran de la politique juste apr\u00e8s le d\u00e9bat: \u00ab\u00a0Beaucoup s\u2019inqui\u00e8tent de la capacit\u00e9 de Joe Biden \u00e0 marquer l\u2019essai sans tr\u00e9bucher\u00a0\u00bb, a-t-il d\u00e9clar\u00e9 sur CNN.<\/p>\n<p>Fermement camp\u00e9 en t\u00eate des sondages pour la primaire (26,8% selon RealClearPolitics), Joe Biden reste notamment tr\u00e8s populaire chez les Noirs et dans les bassins ouvriers qui avaient fait basculer l\u2019\u00e9lection pr\u00e9sidentielle en faveur de Donald Trump en 2016.<\/p>\n<p>Pour beaucoup d\u2019\u00e9lecteurs d\u00e9mocrates qui ont pour priorit\u00e9 d\u2019emp\u00eacher le milliardaire de d\u00e9crocher un second mandat, le mod\u00e9r\u00e9 Biden appara\u00eet comme le candidat s\u00fbr.<\/p>\n<p>\u00ab\u00a0Je me demande si les fragilit\u00e9s de Biden, que l\u2019on voit r\u00e9guli\u00e8rement, risque au final d\u2019entamer l\u2019avantage dont il b\u00e9n\u00e9ficie actuellement en tant que candidat per\u00e7u par la plupart comme la meilleure option contre Trump\u00a0\u00bb, note toutefois Kyle Kondik, politologue \u00e0 l\u2019universit\u00e9 de Virginie.<\/p>\n<p>\u00ab\u00a0Mais si cela devait l\u2019affecter, il faudra peut-\u00eatre des mois avant que cela ne lui nuise dans les sondages\u00a0\u00bb, explique-t-il \u00e0 l\u2019AFP.<\/p>\n<p>Il reste encore pr\u00e8s de cinq mois de campagne avant les premiers scrutins de la primaire, dans l\u2019Iowa le 3 f\u00e9vrier. Le parti d\u00e9mocrate ne d\u00e9signera officiellement son candidat pour d\u00e9fier Donald Trump qu\u2019\u00e0 l\u2019\u00e9t\u00e9 2020.<\/p>\n<p>\u2013 Warren tient le cap \u2013<\/p>\n<p>Se trouvant pour la premi\u00e8re fois sur le m\u00eame plateau de d\u00e9bat que Joe Biden, l\u2019\u00e9toile montante de la primaire d\u00e9mocrate Elizabeth Warren n\u2019a pas attaqu\u00e9 ses rivaux.<\/p>\n<p>B\u00eate noire de Wall Street, la progressiste a tenu le cap de sa campagne centr\u00e9e sur des propositions d\u00e9taill\u00e9es, appuy\u00e9es sur de fortes anecdotes personnelles.<\/p>\n<p>Fermement camp\u00e9e dans le trio de t\u00eate depuis cet \u00e9t\u00e9, \u00ab\u00a0elle se comporte en favorite et (..) de ce fait a moins int\u00e9r\u00eat \u00e0 entrer dans la m\u00eal\u00e9e\u00a0\u00bb, analyse Kyle Kondik.<\/p>\n<p>L\u2019ancienne professeure de Harvard, 70 ans, dispute depuis des semaines la deuxi\u00e8me place au s\u00e9nateur ind\u00e9pendant Bernie Sanders, 78 ans (tous deux sont autour de 17%).<\/p>\n<p>Ces deux \u00ab\u00a0amis\u00a0\u00bb ont encore une fois pr\u00e9sent\u00e9 un front uni jeudi soir, qui pourrait toutefois se craqueler \u00e0 l\u2019approche des scrutins puisqu\u2019ils se disputent un m\u00eame bassin d\u2019\u00e9lecteurs.<\/p>\n<p>Seuls dix candidats avaient \u00e9t\u00e9 s\u00e9lectionn\u00e9s pour ce troisi\u00e8me d\u00e9bat d\u00e9mocrate, sur les 20 encore en lice.<\/p>\n<p>Sur la sant\u00e9, le racisme, le commerce, la politique ext\u00e9rieure ou les armes, les petits candidats ont pu se faire entendre, comme l\u2019ex-\u00e9lu Beto O\u2019Rourke qui plaide pour l\u2019interdiction des fusils d\u2019assaut avec passion depuis les grandes fusillades meurtri\u00e8res au Texas cet \u00e9t\u00e9, son Etat d\u2019origine. Ou le jeune maire centriste Pete Buttigieg qui a livr\u00e9 un r\u00e9cit poignant sur sa d\u00e9cision de r\u00e9v\u00e9ler son homosexualit\u00e9.<\/p>\n<p>Le prochain d\u00e9bat se tiendra \u00e0 la mi-octobre.<\/p>\n<p>Face \u00e0 l\u2019\u00e2pre bataille interne des d\u00e9mocrates, Donald Trump met en garde contre les dangers, selon lui, de leurs politiques \u00ab\u00a0radicales\u00a0\u00bb et se gausse des rumeurs sur les capacit\u00e9s de Joe Biden.<\/p>\n<\/div>\n<p>Auteur: AFP<br \/>\n<a href=\"https:\/\/www.journalducameroun.com\/primaire-democrate-meme-combatif-biden-echoue-a-dissiper-les-doutes\/\">Cliquez ici pour lire l&rsquo;article depuis sa source.<\/a><\/p>\n","protected":false},"excerpt":{"rendered":"<p>Publi\u00e9 le 13.09.2019 \u00e0 19h50 par AFP Le favori de la primaire d\u00e9mocrate Joe Biden a \u00e9t\u00e9 cr\u00e9dit\u00e9 d\u2019une solide performance lors d\u2019un d\u00e9bat t\u00e9l\u00e9vis\u00e9 face \u00e0 ses rivaux, mais des questions persistent vendredi sur sa capacit\u00e9 \u00e0 croiser le fer avec Donald Trump en 2020. Face \u00e0 ces deux rivaux bien plus \u00e0 gauche [&hellip;]<\/p>\n","protected":false},"author":1965,"featured_media":0,"comment_status":"closed","ping_status":"closed","sticky":false,"template":"","format":"standard","meta":{"fifu_image_url":"","fifu_image_alt":"","footnotes":""},"categories":[73,82],"tags":[],"class_list":["post-61087","post","type-post","status-publish","format-standard","hentry","category-actualite","category-cameroun"],"_links":{"self":[{"href":"https:\/\/linitiative.ca\/International\/wp-json\/wp\/v2\/posts\/61087","targetHints":{"allow":["GET"]}}],"collection":[{"href":"https:\/\/linitiative.ca\/International\/wp-json\/wp\/v2\/posts"}],"about":[{"href":"https:\/\/linitiative.ca\/International\/wp-json\/wp\/v2\/types\/post"}],"author":[{"embeddable":true,"href":"https:\/\/linitiative.ca\/International\/wp-json\/wp\/v2\/users\/1965"}],"replies":[{"embeddable":true,"href":"https:\/\/linitiative.ca\/International\/wp-json\/wp\/v2\/comments?post=61087"}],"version-history":[{"count":0,"href":"https:\/\/linitiative.ca\/International\/wp-json\/wp\/v2\/posts\/61087\/revisions"}],"wp:attachment":[{"href":"https:\/\/linitiative.ca\/International\/wp-json\/wp\/v2\/media?parent=61087"}],"wp:term":[{"taxonomy":"category","embeddable":true,"href":"https:\/\/linitiative.ca\/International\/wp-json\/wp\/v2\/categories?post=61087"},{"taxonomy":"post_tag","embeddable":true,"href":"https:\/\/linitiative.ca\/International\/wp-json\/wp\/v2\/tags?post=61087"}],"curies":[{"name":"wp","href":"https:\/\/api.w.org\/{rel}","templated":true}]}}