{"id":61088,"date":"2019-09-13T15:50:02","date_gmt":"2019-09-13T19:50:02","guid":{"rendered":"https:\/\/linitiative.ca\/International\/routes-au-mali-nouveaux-engagements-du-gouvernement\/"},"modified":"2019-09-13T15:50:02","modified_gmt":"2019-09-13T19:50:02","slug":"routes-au-mali-nouveaux-engagements-du-gouvernement","status":"publish","type":"post","link":"https:\/\/linitiative.ca\/International\/routes-au-mali-nouveaux-engagements-du-gouvernement\/","title":{"rendered":"Routes au Mali: nouveaux engagements du gouvernement"},"content":{"rendered":"<div readability=\"32\">\n<p>Publi\u00e9 le 13.09.2019 \u00e0 20h50 par AFP<\/p>\n<\/div>\n<div readability=\"105\">\n<p>Le gouvernement malien a pris vendredi de nouveaux engagements pour mettre fin au rare mouvement de protestation suivi simultan\u00e9ment dans diff\u00e9rentes villes du Nord par des habitants exasp\u00e9r\u00e9s par leurs conditions de vie et l\u2019\u00e9tat de leurs routes.<\/p>\n<p>Au m\u00eame moment, l\u2019ONU a fait \u00e9tat d\u2019une d\u00e9gradation de la situation humanitaire au cours des derniers mois au Mali, o\u00f9 environ un cinqui\u00e8me de la population a d\u00e9sormais besoin d\u2019aide.<\/p>\n<p>Le cauchemar que repr\u00e9sentent les d\u00e9placements sur des routes menac\u00e9es par le jihadisme, le brigandage, les intemp\u00e9ries ou le d\u00e9labrement est \u00e0 l\u2019origine d\u2019une contestation qui a atteint ces derniers jours plusieurs villes d\u2019un pays \u00e9prouv\u00e9 depuis 2012 par les violences jihadistes et intercommunautaires.<\/p>\n<p>A Gao, la plus importante ville du Nord qui a \u00e9t\u00e9 l\u2019un des foyers de ce m\u00e9contentement, le gouvernement s\u2019est engag\u00e9 vendredi matin \u00e0 commencer \u00ab\u00a0dans six mois au plus tard\u00a0\u00bb les travaux sur la route Gao-S\u00e9var\u00e9 (centre), axe primordial et d\u00e9grad\u00e9 vers l\u2019ouest et la capitale, Bamako, selon le texte d\u2019un accord pass\u00e9 avec la plateforme portant la contestation.<\/p>\n<p>Le gouvernement prend aussi l\u2019engagement d\u2019escorter \u00e0 partir de lundi les cars empruntant cette route, th\u00e9\u00e2tre d\u2019attaques fr\u00e9quentes, et promet le retour des services de l\u2019Etat \u00e0 Gao.<\/p>\n<p>A M\u00e9naka, autre ville du Nord en proie \u00e0 des protestations depuis lundi, la m\u00eame d\u00e9l\u00e9gation gouvernementale, qui sillone le septentrion depuis mercredi, a sign\u00e9 vendredi soir un accord avec les manifestants.<\/p>\n<p>Bamako s\u2019engage \u00e0 \u00ab\u00a0acc\u00e9l\u00e9rer\u00a0\u00bb la construction de la route entre M\u00e9naka et Ansongo, mais aussi \u00e0 fournir l\u2019\u00e9lectricit\u00e9 \u00ab\u00a024h\/24 \u00e0 partir du vendredi 13 septembre\u00a0\u00bb, entre autres.<\/p>\n<p>Le gouvernement avait d\u00e9j\u00e0 pris des engagements analogues cette semaine \u00e0 Tombouctou, autre lieu de protestation.<\/p>\n<p>En contrepartie, les protestataires dans ces trois villes ont tous promis de lever les blocus impos\u00e9s.<\/p>\n<p>Le nombre de personnes ayant besoin d\u2019aide humanitaire au Mali a augment\u00e9 de 22% entre le d\u00e9but de l\u2019ann\u00e9e et aujourd\u2019hui, passant de 3,2 \u00e0 3,9 millions, soit un cinqui\u00e8me de la population, a indiqu\u00e9 \u00e0 Gen\u00e8ve Jens Laerke, porte-parole du Bureau de la coordination des affaires humanitaires (OCHA) de l\u2019ONU. Le nombre de personnes d\u00e9plac\u00e9es \u00e0 l\u2019int\u00e9rieur du Mali sous l\u2019effet des violences et de la crise a doubl\u00e9 sur la m\u00eame p\u00e9riode pour atteindre 168.500 au 31 juillet.<\/p>\n<p>En cause: l\u2019intensification des conflits intercommunautaires dans le centre du pays et une ins\u00e9curit\u00e9 alimentaire grandissante, a-t-il dit. Environ 550.000 personnes sont en situation de grave ins\u00e9curit\u00e9 alimentaire, a-t-il pr\u00e9cis\u00e9 devant la presse.<\/p>\n<p>Confront\u00e9s \u00e0 un besoin pressant de financements, l\u2019ONU et ses partenaires humanitaires ont par\u00e9 au plus press\u00e9 en fournissant des vivres \u00e0 quelque 500.000 personnes et en traitant environ 150.000 enfants souffrant de malnutrition aigu\u00eb, a-t-il dit.<\/p>\n<\/div>\n<p>Auteur: AFP<br \/>\n<a href=\"https:\/\/www.journalducameroun.com\/routes-au-mali-nouveaux-engagements-du-gouvernement\/\">Cliquez ici pour lire l&rsquo;article depuis sa source.<\/a><\/p>\n","protected":false},"excerpt":{"rendered":"<p>Publi\u00e9 le 13.09.2019 \u00e0 20h50 par AFP Le gouvernement malien a pris vendredi de nouveaux engagements pour mettre fin au rare mouvement de protestation suivi simultan\u00e9ment dans diff\u00e9rentes villes du Nord par des habitants exasp\u00e9r\u00e9s par leurs conditions de vie et l\u2019\u00e9tat de leurs routes. Au m\u00eame moment, l\u2019ONU a fait \u00e9tat d\u2019une d\u00e9gradation de [&hellip;]<\/p>\n","protected":false},"author":1965,"featured_media":0,"comment_status":"closed","ping_status":"closed","sticky":false,"template":"","format":"standard","meta":{"fifu_image_url":"","fifu_image_alt":"","footnotes":""},"categories":[73,82],"tags":[],"class_list":["post-61088","post","type-post","status-publish","format-standard","hentry","category-actualite","category-cameroun"],"_links":{"self":[{"href":"https:\/\/linitiative.ca\/International\/wp-json\/wp\/v2\/posts\/61088","targetHints":{"allow":["GET"]}}],"collection":[{"href":"https:\/\/linitiative.ca\/International\/wp-json\/wp\/v2\/posts"}],"about":[{"href":"https:\/\/linitiative.ca\/International\/wp-json\/wp\/v2\/types\/post"}],"author":[{"embeddable":true,"href":"https:\/\/linitiative.ca\/International\/wp-json\/wp\/v2\/users\/1965"}],"replies":[{"embeddable":true,"href":"https:\/\/linitiative.ca\/International\/wp-json\/wp\/v2\/comments?post=61088"}],"version-history":[{"count":0,"href":"https:\/\/linitiative.ca\/International\/wp-json\/wp\/v2\/posts\/61088\/revisions"}],"wp:attachment":[{"href":"https:\/\/linitiative.ca\/International\/wp-json\/wp\/v2\/media?parent=61088"}],"wp:term":[{"taxonomy":"category","embeddable":true,"href":"https:\/\/linitiative.ca\/International\/wp-json\/wp\/v2\/categories?post=61088"},{"taxonomy":"post_tag","embeddable":true,"href":"https:\/\/linitiative.ca\/International\/wp-json\/wp\/v2\/tags?post=61088"}],"curies":[{"name":"wp","href":"https:\/\/api.w.org\/{rel}","templated":true}]}}