{"id":61090,"date":"2019-09-13T17:18:03","date_gmt":"2019-09-13T21:18:03","guid":{"rendered":"https:\/\/linitiative.ca\/International\/tourisme-marrakech-va-abriter-lag-de-lomt\/"},"modified":"2019-09-13T17:18:03","modified_gmt":"2019-09-13T21:18:03","slug":"tourisme-marrakech-va-abriter-lag-de-lomt","status":"publish","type":"post","link":"https:\/\/linitiative.ca\/International\/tourisme-marrakech-va-abriter-lag-de-lomt\/","title":{"rendered":"Tourisme : Marrakech va abriter l\u2019AG de l\u2019OMT"},"content":{"rendered":"<div readability=\"32\">\n<p>Publi\u00e9 le 13.09.2019 \u00e0 22h18 par APA News<\/p>\n<\/div>\n<div readability=\"57\">\n<p>La ville de Marrakech a \u00e9t\u00e9 \u00e9lue, jeudi \u00e0 Saint-P\u00e9tersbourg, pour abriter en 2021 la 24e assembl\u00e9e g\u00e9n\u00e9rale de l\u2019Organisation mondiale du tourisme (OMT), la plus importante manifestation touristique au monde.Le Maroc a \u00e9t\u00e9 \u00e9lu avec un total de 76 voix, soit \u00e0 une \u00e9crasante majorit\u00e9 face \u00e0 ses deux concurrents, le Kenya et les Philippines, qui ont obtenu 13 et 15 voix respectivement.<\/p>\n<p>\u00ab La candidature marocaine a b\u00e9n\u00e9fici\u00e9 d\u2019un vaste appui des quatre continents, d\u00e9montrant ainsi le rayonnement du Royaume sur l\u2019\u00e9chiquier touristique mondial, en particulier la ville de Marrakech \u00bb, a indiqu\u00e9 un communiqu\u00e9 le minist\u00e8re des Affaires \u00e9trang\u00e8res et de la Coop\u00e9ration Internationale.<\/p>\n<p>L\u2019assembl\u00e9e g\u00e9n\u00e9rale est l\u2019organe supr\u00eame de l\u2019OMT. Elle rassemble tous les deux ans pr\u00e8s de 2.000 d\u00e9l\u00e9gu\u00e9s de 156 Etats membres, y compris plus de 500 membres affili\u00e9s repr\u00e9sentant le secteur priv\u00e9, des \u00e9tablissements d\u2019enseignement, des associations de tourisme et des autorit\u00e9s touristiques locales.<\/p>\n<\/div>\n<p>Auteur: APA News<br \/>\n<a href=\"https:\/\/www.journalducameroun.com\/tourisme-marrakech-va-abriter-lag-de-lomt\/\">Cliquez ici pour lire l&rsquo;article depuis sa source.<\/a><\/p>\n","protected":false},"excerpt":{"rendered":"<p>Publi\u00e9 le 13.09.2019 \u00e0 22h18 par APA News La ville de Marrakech a \u00e9t\u00e9 \u00e9lue, jeudi \u00e0 Saint-P\u00e9tersbourg, pour abriter en 2021 la 24e assembl\u00e9e g\u00e9n\u00e9rale de l\u2019Organisation mondiale du tourisme (OMT), la plus importante manifestation touristique au monde.Le Maroc a \u00e9t\u00e9 \u00e9lu avec un total de 76 voix, soit \u00e0 une \u00e9crasante majorit\u00e9 face [&hellip;]<\/p>\n","protected":false},"author":1965,"featured_media":0,"comment_status":"closed","ping_status":"closed","sticky":false,"template":"","format":"standard","meta":{"fifu_image_url":"","fifu_image_alt":"","footnotes":""},"categories":[73,82],"tags":[],"class_list":["post-61090","post","type-post","status-publish","format-standard","hentry","category-actualite","category-cameroun"],"_links":{"self":[{"href":"https:\/\/linitiative.ca\/International\/wp-json\/wp\/v2\/posts\/61090","targetHints":{"allow":["GET"]}}],"collection":[{"href":"https:\/\/linitiative.ca\/International\/wp-json\/wp\/v2\/posts"}],"about":[{"href":"https:\/\/linitiative.ca\/International\/wp-json\/wp\/v2\/types\/post"}],"author":[{"embeddable":true,"href":"https:\/\/linitiative.ca\/International\/wp-json\/wp\/v2\/users\/1965"}],"replies":[{"embeddable":true,"href":"https:\/\/linitiative.ca\/International\/wp-json\/wp\/v2\/comments?post=61090"}],"version-history":[{"count":0,"href":"https:\/\/linitiative.ca\/International\/wp-json\/wp\/v2\/posts\/61090\/revisions"}],"wp:attachment":[{"href":"https:\/\/linitiative.ca\/International\/wp-json\/wp\/v2\/media?parent=61090"}],"wp:term":[{"taxonomy":"category","embeddable":true,"href":"https:\/\/linitiative.ca\/International\/wp-json\/wp\/v2\/categories?post=61090"},{"taxonomy":"post_tag","embeddable":true,"href":"https:\/\/linitiative.ca\/International\/wp-json\/wp\/v2\/tags?post=61090"}],"curies":[{"name":"wp","href":"https:\/\/api.w.org\/{rel}","templated":true}]}}