{"id":61091,"date":"2019-09-13T17:18:04","date_gmt":"2019-09-13T21:18:04","guid":{"rendered":"https:\/\/linitiative.ca\/International\/le-maroc-elu-vice-president-de-la-commission-de-lorganisation-mondiale-du-tourisme-omt-pour-lafrique\/"},"modified":"2019-09-13T17:18:04","modified_gmt":"2019-09-13T21:18:04","slug":"le-maroc-elu-vice-president-de-la-commission-de-lorganisation-mondiale-du-tourisme-omt-pour-lafrique","status":"publish","type":"post","link":"https:\/\/linitiative.ca\/International\/le-maroc-elu-vice-president-de-la-commission-de-lorganisation-mondiale-du-tourisme-omt-pour-lafrique\/","title":{"rendered":"Le Maroc \u00e9lu vice-pr\u00e9sident de la Commission de l\u2019Organisation mondiale du tourisme (OMT) pour l\u2019Afrique"},"content":{"rendered":"<div readability=\"32\">\n<p>Publi\u00e9 le 13.09.2019 \u00e0 22h18 par APA News<\/p>\n<\/div>\n<div readability=\"67\">\n<p>Le Maroc a \u00e9t\u00e9 \u00e9lu, jeudi \u00e0 Saint-P\u00e9tersbourg, vice-pr\u00e9sident de la Commission de l\u2019Organisation mondiale du tourisme (OMT) pour l\u2019Afrique en marge de la 23e Assembl\u00e9e g\u00e9n\u00e9rale de l\u2019organisation.Le Royaume a \u00e9t\u00e9, \u00e9galement, \u00e9lu membre des comit\u00e9s du programme, du budget et des statistiques de ladite Commission. L\u2019\u00e9lection du Maroc \u00e0 ces postes pour un mandat de deux ans s\u2019est faite par consensus des membres de la Commission pour l\u2019Afrique de l\u2019OMT qui a proc\u00e9d\u00e9 au renouvellement d\u2019une partie de ses instances en vertu des statuts de l\u2019Organisation.<\/p>\n<p>Le comit\u00e9 des statistiques a notamment pour missions de proposer des initiatives ayant trait \u00e0 la conception et \u00e0 l\u2019application des recommandations en termes de statistiques du tourisme, de favoriser la comparabilit\u00e9 des statistiques du tourisme \u00e0 l\u2019\u00e9chelle internationale, d\u2019appuyer les efforts d\u2019int\u00e9gration des donn\u00e9es dans le cadre d\u2019un syst\u00e8me national du tourisme et d\u2019aider les pays membres de l\u2019OMT dans leurs d\u00e9marches visant \u00e0 am\u00e9liorer leurs syst\u00e8mes nationaux de statistiques.<\/p>\n<p>Le comit\u00e9 du budget de la Commission pour l\u2019Afrique examine notamment l\u2019ex\u00e9cution du budget et du programme de travail, \u00e9value et v\u00e9rifie syst\u00e9matiquement les produits et les prestations de la commission et traite \u00e0 la demande du Conseil ex\u00e9cutif les recommandations formul\u00e9es par le corps d\u2019inspection et les commissaires aux comptes.<\/p>\n<p>Cr\u00e9\u00e9es en 1975 en tant qu\u2019organes subsidiaires de l\u2019Assembl\u00e9e g\u00e9n\u00e9rale de l\u2019OMT, les six commissions r\u00e9gionales, dont celle pour l\u2019Afrique, se r\u00e9unissent annuellement et permettent aux Etats membres de maintenir le contact entre eux et avec le secr\u00e9tariat g\u00e9n\u00e9ral de l\u2019organisation entre les sessions de l\u2019Assembl\u00e9e g\u00e9n\u00e9rale, \u00e0 laquelle les commissions r\u00e9gionales soumettent leurs propositions et expriment leurs pr\u00e9occupations.<\/p>\n<p>Le Maroc avait \u00e9t\u00e9 \u00e9lu, en septembre 2015 en Colombie, au Conseil ex\u00e9cutif de l\u2019OMT pour un mandat de 4 ans lors de la 21e Assembl\u00e9e g\u00e9n\u00e9rale de l\u2019Organisation.<\/p>\n<\/div>\n<p>Auteur: APA News<br \/>\n<a href=\"https:\/\/www.journalducameroun.com\/le-maroc-elu-vice-president-de-la-commission-de-lorganisation-mondiale-du-tourisme-omt-pour-lafrique\/\">Cliquez ici pour lire l&rsquo;article depuis sa source.<\/a><\/p>\n","protected":false},"excerpt":{"rendered":"<p>Publi\u00e9 le 13.09.2019 \u00e0 22h18 par APA News Le Maroc a \u00e9t\u00e9 \u00e9lu, jeudi \u00e0 Saint-P\u00e9tersbourg, vice-pr\u00e9sident de la Commission de l\u2019Organisation mondiale du tourisme (OMT) pour l\u2019Afrique en marge de la 23e Assembl\u00e9e g\u00e9n\u00e9rale de l\u2019organisation.Le Royaume a \u00e9t\u00e9, \u00e9galement, \u00e9lu membre des comit\u00e9s du programme, du budget et des statistiques de ladite Commission. [&hellip;]<\/p>\n","protected":false},"author":1965,"featured_media":0,"comment_status":"closed","ping_status":"closed","sticky":false,"template":"","format":"standard","meta":{"fifu_image_url":"","fifu_image_alt":"","footnotes":""},"categories":[73,82],"tags":[],"class_list":["post-61091","post","type-post","status-publish","format-standard","hentry","category-actualite","category-cameroun"],"_links":{"self":[{"href":"https:\/\/linitiative.ca\/International\/wp-json\/wp\/v2\/posts\/61091","targetHints":{"allow":["GET"]}}],"collection":[{"href":"https:\/\/linitiative.ca\/International\/wp-json\/wp\/v2\/posts"}],"about":[{"href":"https:\/\/linitiative.ca\/International\/wp-json\/wp\/v2\/types\/post"}],"author":[{"embeddable":true,"href":"https:\/\/linitiative.ca\/International\/wp-json\/wp\/v2\/users\/1965"}],"replies":[{"embeddable":true,"href":"https:\/\/linitiative.ca\/International\/wp-json\/wp\/v2\/comments?post=61091"}],"version-history":[{"count":0,"href":"https:\/\/linitiative.ca\/International\/wp-json\/wp\/v2\/posts\/61091\/revisions"}],"wp:attachment":[{"href":"https:\/\/linitiative.ca\/International\/wp-json\/wp\/v2\/media?parent=61091"}],"wp:term":[{"taxonomy":"category","embeddable":true,"href":"https:\/\/linitiative.ca\/International\/wp-json\/wp\/v2\/categories?post=61091"},{"taxonomy":"post_tag","embeddable":true,"href":"https:\/\/linitiative.ca\/International\/wp-json\/wp\/v2\/tags?post=61091"}],"curies":[{"name":"wp","href":"https:\/\/api.w.org\/{rel}","templated":true}]}}