{"id":61095,"date":"2019-09-13T13:49:53","date_gmt":"2019-09-13T17:49:53","guid":{"rendered":"https:\/\/linitiative.ca\/International\/autoroute-yaounde-nsimalen-face-aux-riverains-refractaires-le-gouvernement-pourrait-imposer-la-liberation-des-emprises-pour-achever-les-travaux\/"},"modified":"2019-09-13T13:49:53","modified_gmt":"2019-09-13T17:49:53","slug":"autoroute-yaounde-nsimalen-face-aux-riverains-refractaires-le-gouvernement-pourrait-imposer-la-liberation-des-emprises-pour-achever-les-travaux","status":"publish","type":"post","link":"https:\/\/linitiative.ca\/International\/autoroute-yaounde-nsimalen-face-aux-riverains-refractaires-le-gouvernement-pourrait-imposer-la-liberation-des-emprises-pour-achever-les-travaux\/","title":{"rendered":"Autoroute Yaound\u00e9-Nsimalen : Face aux riverains r\u00e9fractaires, le gouvernement pourrait imposer la lib\u00e9ration des emprises pour achever les travaux"},"content":{"rendered":"<p>Une mission interminist\u00e9rielle \u00e9tait sur le terrain jeudi, 12 septembre 2019 pour \u00e9voquer l\u2019occupation de l\u2019emprise et les travaux d\u2019embellissement du projet de l\u2019autoroute Yaound\u00e9-Nsimalen.\u00a0\u00a0 l\u2019on y retrouvait le ministre des Domaines du cadastre et des Affaires fonci\u00e8res (<strong>Mindcaf<\/strong>)\u00a0<strong>Henri<\/strong>\u00a0<strong>Eyeb\u00e9<\/strong>\u00a0<strong>Ayissi<\/strong>, le ministre de l\u2019Administration territoriale (<strong>Minat<\/strong>)\u00a0<strong>Paul<\/strong>\u00a0<strong>Atanga<\/strong>\u00a0<strong>Nji<\/strong>, du ministre de la Fonction publique (<strong>Minfopra<\/strong>)\u00a0<strong>Joseph<\/strong>\u00a0<strong>Lee<\/strong>\u00a0et du ministre de l\u2019Habitat et du D\u00e9veloppement urbain (<strong>Minhdu<\/strong>)\u00a0<strong>C\u00e9lestine Ketcha Courtes<\/strong>.<\/p>\n<p>A ce jour, les travaux de la route sont boucl\u00e9s \u00e0\u00a0presque <strong>90%.\u00a0<\/strong>Cependant, la\u00a0<strong>Maetur<\/strong>\u00a0entreprise en charge des travaux,<strong>\u00a0<\/strong>est dans l\u2019incapacit\u00e9 pour poursuivre l\u2019ach\u00e8vement du projet. Les populations touch\u00e9es par le projet refusent de lib\u00e9rer les emprises.<strong>\u00a0<\/strong>Notamment<strong>\u00a0<\/strong>au niveau de l\u2019\u00e9changeur Meyo et d\u2019Ekoko 2.\u00a0Ces derniers revendiquent toujours le paiement des indemnisations. Or, les pouvoirs publics r\u00e9torquent les avoir d\u00e9j\u00e0 indemnis\u00e9. \u00c0 la 3\u00e8me phase de l\u2019op\u00e9ration par exemple,\u00a0\u00a0<strong>179 personnes\u00a0<\/strong>ont encaiss\u00e9 une enveloppe globale de pr\u00e8s de\u00a0<strong>1,4 milliard FCFA<\/strong>.<\/p>\n<p>Dans ces conditions, le\u00a0<strong>Minat<\/strong>\u00a0<strong>Paul Atanga Nji<\/strong>\u00a0n\u2019a pas cach\u00e9 sa g\u00eane de voir les emprises encore prises en otage par des personnes pr\u00e9c\u00e9demment indemnis\u00e9es.\u00a0\u00a0<em>\u00ab\u00a0Il est d\u00e9cevant de constater que certaines personnes ayant d\u00e9j\u00e0 \u00e9t\u00e9 indemnis\u00e9, reviennent s\u2019installer sur l\u2019emprise. Nous sommes venus exercer le dialogue. Mais nous allons le faire sans la moindre complaisance. Nous sommes oblig\u00e9s de passer \u00e0 l\u2019action m\u00eame comme cette action est un peu douloureuse\u00a0\u00bb,<\/em>\u00a0a-t-dit. Par cons\u00e9quent,\u00a0<strong>Paul Atanga Nji<\/strong>\u00a0a fix\u00e9 la feuille de route p\u00e9dagogie-sensibilisation avertissement- sanction qui va guider les deux semaines \u00e0 venir. Le Minat a demand\u00e9 aux autorit\u00e9s administratives territorialement comp\u00e9tentes ainsi qu\u2019aux maires des communes concern\u00e9es de convoquer des r\u00e9unions citoyennes pour inciter les contrevenants \u00e0 lib\u00e9rer volontairement les dites emprises. Ceux-ci disposent de 15 jours pour d\u00e9guerpir les lieux avant de passer \u00e0 la phase coercitive.<\/p>\n<p>Le\u00a0<strong>Mindcaf<\/strong>,\u00a0<strong>Henri Eyebe Ayissi,<\/strong>\u00a0quant \u00e0 lui, a d\u00e9livr\u00e9 le message du respect des d\u00e9cisions des autorit\u00e9s publiques. Surtout dans le cas des zones d\u00e9clar\u00e9es d\u2019utilit\u00e9 publique qui ne sauraient plus faire l\u2019objet de travaux, encore moins de r\u00e9alisations \u00e0 caract\u00e8re priv\u00e9. Il a par ailleurs annonc\u00e9 que le processus d\u2019indemnisation va se poursuivre. Notamment dans les localit\u00e9s de la Mefou-et-Akono (commune de Bikok)\u00a0\u00a0et certaines zones du Mfoundi.<\/p>\n<p>D\u2019un co\u00fbt total de\u00a0<strong>189,8 milliards FCFA<\/strong>, le projet de l\u2019autoroute Yaound\u00e9-Nsimalen a d\u00e9marr\u00e9 le 2 mai 2014 pour une dur\u00e9e de 36 mois. Les travaux auraient d\u00fb s\u2019achever depuis mai 2017. Cela afin de relier la capitale du Cameroun Yaound\u00e9 et l\u2019a\u00e9roport international de Nsimalen.<\/p>\n<div class=\"about-author about-author-box container-wrapper\">\n<div class=\"author-avatar\">\n<p><img decoding=\"async\" src=\"http:\/\/\" alt=\"\"\/><\/p>\n<\/div>\n<p><h4>La R\u00e9daction EcoMatin<\/h4>\n<\/p>\n<\/div>\n<div class=\"awac-wrapper awac widget blog_subscription-2\">\n<h4 class=\"widget-title\">Abonnez-vous \u00e0 notre lettre d&rsquo;information<\/h4>\n<\/div>\n<p>Auteur: EcoMatin<br \/>\n<a href=\"https:\/\/ecomatin.net\/autoroute-yaounde-nsimalen-face-aux-riverains-refractaires-le-gouvernement-pourrait-imposer-la-liberation-des-emprises-pour-achever-les-travaux\/\">Cliquez ici pour lire l&rsquo;article depuis sa source.<\/a><\/p>\n","protected":false},"excerpt":{"rendered":"<p>Une mission interminist\u00e9rielle \u00e9tait sur le terrain jeudi, 12 septembre 2019 pour \u00e9voquer l\u2019occupation de l\u2019emprise et les travaux d\u2019embellissement du projet de l\u2019autoroute Yaound\u00e9-Nsimalen.\u00a0\u00a0 l\u2019on y retrouvait le ministre des Domaines du cadastre et des Affaires fonci\u00e8res (Mindcaf)\u00a0Henri\u00a0Eyeb\u00e9\u00a0Ayissi, le ministre de l\u2019Administration territoriale (Minat)\u00a0Paul\u00a0Atanga\u00a0Nji, du ministre de la Fonction publique (Minfopra)\u00a0Joseph\u00a0Lee\u00a0et du ministre de [&hellip;]<\/p>\n","protected":false},"author":1969,"featured_media":0,"comment_status":"closed","ping_status":"closed","sticky":false,"template":"","format":"standard","meta":{"fifu_image_url":"","fifu_image_alt":"","footnotes":""},"categories":[82,78],"tags":[],"class_list":["post-61095","post","type-post","status-publish","format-standard","hentry","category-cameroun","category-economie"],"_links":{"self":[{"href":"https:\/\/linitiative.ca\/International\/wp-json\/wp\/v2\/posts\/61095","targetHints":{"allow":["GET"]}}],"collection":[{"href":"https:\/\/linitiative.ca\/International\/wp-json\/wp\/v2\/posts"}],"about":[{"href":"https:\/\/linitiative.ca\/International\/wp-json\/wp\/v2\/types\/post"}],"author":[{"embeddable":true,"href":"https:\/\/linitiative.ca\/International\/wp-json\/wp\/v2\/users\/1969"}],"replies":[{"embeddable":true,"href":"https:\/\/linitiative.ca\/International\/wp-json\/wp\/v2\/comments?post=61095"}],"version-history":[{"count":0,"href":"https:\/\/linitiative.ca\/International\/wp-json\/wp\/v2\/posts\/61095\/revisions"}],"wp:attachment":[{"href":"https:\/\/linitiative.ca\/International\/wp-json\/wp\/v2\/media?parent=61095"}],"wp:term":[{"taxonomy":"category","embeddable":true,"href":"https:\/\/linitiative.ca\/International\/wp-json\/wp\/v2\/categories?post=61095"},{"taxonomy":"post_tag","embeddable":true,"href":"https:\/\/linitiative.ca\/International\/wp-json\/wp\/v2\/tags?post=61095"}],"curies":[{"name":"wp","href":"https:\/\/api.w.org\/{rel}","templated":true}]}}