{"id":61097,"date":"2019-09-14T11:45:13","date_gmt":"2019-09-14T15:45:13","guid":{"rendered":"https:\/\/linitiative.ca\/International\/fassi-fehri-visite-lecole-nationale-darchitecture-de-tetouan\/"},"modified":"2019-09-14T11:45:13","modified_gmt":"2019-09-14T15:45:13","slug":"fassi-fehri-visite-lecole-nationale-darchitecture-de-tetouan","status":"publish","type":"post","link":"https:\/\/linitiative.ca\/International\/fassi-fehri-visite-lecole-nationale-darchitecture-de-tetouan\/","title":{"rendered":"Fassi Fehri visite l\u2019Ecole nationale d\u2019architecture de T\u00e9touan"},"content":{"rendered":"<p class=\"c4\"><span class=\"c3\"><strong><span class=\"c2\">L<\/span>e ministre de l\u2019Am\u00e9nagement du territoire, de l\u2019Urbanisme, de l\u2019Habitat et de la Politique de la ville, Abdelahad Fassi Fehri, a visit\u00e9, mercredi, l\u2019Ecole nationale d\u2019architecture de T\u00e9touan (ENAT), et ce \u00e0 l\u2019occasion de la rentr\u00e9e universitaire 2019-2020 de l\u2019\u00e9cole plac\u00e9e sous le signe \u00ab\u00a0L\u2019architecte au coeur des d\u00e9fis de d\u00e9veloppement\u00a0\u00bb.<\/strong><\/span><\/p>\n<p class=\"c4\">Cette visite vise \u00e0 rencontrer tous les partenaires de l\u2019\u00e9cole, notamment la direction et le staff administratif, les \u00e9tudiants et leurs parents, le corps p\u00e9dagogique, ainsi que les \u00e9lus, la chambre du commerce, l\u2019Universit\u00e9 et d\u2019autres instituts, a pr\u00e9cis\u00e9 M. Fassi Fehri dans une d\u00e9claration \u00e0 la presse, ajoutant que cette rencontre sera \u00e9galement l\u2019occasion de s\u2019arr\u00eater sur les pr\u00e9paratifs de la rentr\u00e9e.<br \/>\u00ab\u00a0L\u2019id\u00e9e est que tous les partenaires de l\u2019ENAT, qui est maintenant une \u00e9cole \u00e0 part enti\u00e8re, se mobilisent pour atteindre et r\u00e9aliser le projet d\u2019une \u00e9cole d\u2019architecture qui inculque un enseignement align\u00e9 sur les meilleurs standards internationaux et \u00e0 la mesure des orientations de SM le Roi Mohammed VI\u00a0\u00bb, a pr\u00e9cis\u00e9 le ministre.<br \/>Le but est que l\u2019\u00e9cole puisse \u00e9galement s\u2019aligner sur le projet de r\u00e9gionalisation et les traditions architecturales du Royaume, tout en r\u00e9pondant aux attentes des citoyens, et ce afin d\u2019am\u00e9liorer le cadre b\u00e2ti, a-t-il poursuivi, saisissant cette occasion pour renouveler sa volont\u00e9 d\u2019accompagner le positionnement des \u00e9coles nationales d\u2019architecture et faciliter leur ouverture sur l\u2019environnement r\u00e9gional et international.<br \/>Par ailleurs, Fassi Fehri a mis l\u2019accent sur l\u2019importance de construire une relation de partenariat et de confiance entre le minist\u00e8re, l\u2019\u00e9cole, les \u00e9tudiants, ainsi que leurs parents et tuteurs, appelant dans ce sens les \u00e9tudiants et leurs familles \u00e0 \u00ab\u00a0travailler de concert pour la promotion d\u2019un projet collectif empreint de confiance et dont les principaux b\u00e9n\u00e9ficiaires sont les \u00e9tudiants\u00a0\u00bb.<br \/>Pour sa part, le directeur de l\u2019ENAT, Hakim Cherkaoui, a fait savoir que la visite du ministre \u00e0 l\u2019\u00e9cole \u00e0 l\u2019occasion de la rentr\u00e9e universitaire 2019-2020 co\u00efncide \u00e9galement avec l\u2019ouverture, pour la premi\u00e8re fois, du cycle master \u00e0 l\u2019ENAT.<br \/>Cette visite est une rencontre de communication avec les \u00e9tudiants et leurs parents, visant \u00e0 renforcer les efforts d\u00e9ploy\u00e9s depuis environ onze ann\u00e9es pour am\u00e9liorer l\u2019\u00e9cole, a ajout\u00e9 M. Cherkaoui, affirmant que les efforts se poursuivront afin de d\u00e9velopper davantage l\u2019Ecole nationale d\u2019architecture de T\u00e9touan.<br \/>L\u2019ENAT s\u2019aligne avec les orientations strat\u00e9giques du minist\u00e8re, a-t-il poursuivi, estimant que l\u2019\u00e9cole est capable de contribuer \u00e0 relever les diff\u00e9rents d\u00e9fis de d\u00e9veloppement au Maroc, et ce en formant des cadres tr\u00e8s comp\u00e9tents \u00e0 m\u00eame d\u2019accompagner les chantiers de d\u00e9veloppement du Royaume.<br \/>La visite du ministre, qui s\u2019inscrit dans le cadre du suivi de la formation en architecture et de la volont\u00e9 d\u2019accompagner et de pr\u00eater plus d\u2019envergure au r\u00e9seau d\u2019\u00e9coles publics, vise \u00e0 s\u2019enqu\u00e9rir de l\u2019\u00e9tat d\u2019avancement des pr\u00e9paratifs relatifs \u00e0 la rentr\u00e9e universitaire 2019-2020, tout en renfor\u00e7ant les efforts d\u00e9ploy\u00e9s par le minist\u00e8re afin de doter chaque nouvelle \u00e9cole d\u2019un si\u00e8ge propre, en vue de garantir les meilleures conditions d\u2019enseignement et de vie estudiantine aux futurs laur\u00e9ats.<br \/>Ont \u00e9galement pris part \u00e0 cette rencontre le secr\u00e9taire g\u00e9n\u00e9ral du minist\u00e8re, charg\u00e9 de l\u2019Am\u00e9nagement du territoire National et de l\u2019Urbanisme, le pr\u00e9sident de l\u2019Universit\u00e9 Abdelmalek Essa\u00e2di, le pr\u00e9sident de la commune de T\u00e9touan, ainsi que des responsables du minist\u00e8re.<\/p>\n<p>Auteur: M&rsquo;hammed rahal<br \/>\n<a href=\"http:\/\/albayane.press.ma\/fassi-fehri-visite-lecole-nationale-darchitecture-de-tetouan.html\">Cliquez ici pour lire l&rsquo;article depuis sa source.<\/a><\/p>\n","protected":false},"excerpt":{"rendered":"<p>Le ministre de l\u2019Am\u00e9nagement du territoire, de l\u2019Urbanisme, de l\u2019Habitat et de la Politique de la ville, Abdelahad Fassi Fehri, a visit\u00e9, mercredi, l\u2019Ecole nationale d\u2019architecture de T\u00e9touan (ENAT), et ce \u00e0 l\u2019occasion de la rentr\u00e9e universitaire 2019-2020 de l\u2019\u00e9cole plac\u00e9e sous le signe \u00ab\u00a0L\u2019architecte au coeur des d\u00e9fis de d\u00e9veloppement\u00a0\u00bb. Cette visite vise \u00e0 [&hellip;]<\/p>\n","protected":false},"author":1760,"featured_media":0,"comment_status":"closed","ping_status":"closed","sticky":false,"template":"","format":"standard","meta":{"fifu_image_url":"","fifu_image_alt":"","footnotes":""},"categories":[73,54],"tags":[],"class_list":["post-61097","post","type-post","status-publish","format-standard","hentry","category-actualite","category-maroc"],"_links":{"self":[{"href":"https:\/\/linitiative.ca\/International\/wp-json\/wp\/v2\/posts\/61097","targetHints":{"allow":["GET"]}}],"collection":[{"href":"https:\/\/linitiative.ca\/International\/wp-json\/wp\/v2\/posts"}],"about":[{"href":"https:\/\/linitiative.ca\/International\/wp-json\/wp\/v2\/types\/post"}],"author":[{"embeddable":true,"href":"https:\/\/linitiative.ca\/International\/wp-json\/wp\/v2\/users\/1760"}],"replies":[{"embeddable":true,"href":"https:\/\/linitiative.ca\/International\/wp-json\/wp\/v2\/comments?post=61097"}],"version-history":[{"count":0,"href":"https:\/\/linitiative.ca\/International\/wp-json\/wp\/v2\/posts\/61097\/revisions"}],"wp:attachment":[{"href":"https:\/\/linitiative.ca\/International\/wp-json\/wp\/v2\/media?parent=61097"}],"wp:term":[{"taxonomy":"category","embeddable":true,"href":"https:\/\/linitiative.ca\/International\/wp-json\/wp\/v2\/categories?post=61097"},{"taxonomy":"post_tag","embeddable":true,"href":"https:\/\/linitiative.ca\/International\/wp-json\/wp\/v2\/tags?post=61097"}],"curies":[{"name":"wp","href":"https:\/\/api.w.org\/{rel}","templated":true}]}}