{"id":61098,"date":"2019-09-14T11:46:01","date_gmt":"2019-09-14T15:46:01","guid":{"rendered":"https:\/\/linitiative.ca\/International\/au-coeur-de-la-fete-de-lhumanite\/"},"modified":"2019-09-14T11:46:01","modified_gmt":"2019-09-14T15:46:01","slug":"au-coeur-de-la-fete-de-lhumanite","status":"publish","type":"post","link":"https:\/\/linitiative.ca\/International\/au-coeur-de-la-fete-de-lhumanite\/","title":{"rendered":"Au coeur de la f\u00eate de l\u2019Humanit\u00e9"},"content":{"rendered":"<p class=\"c3\"><span class=\"c2\"><strong>La derni\u00e8re vitrine des grands combats<\/strong><\/span><\/p>\n<p class=\"c5\"><span class=\"c2\"><strong>L<span class=\"c4\">a F\u00eate de l\u2019Huma, qui aura lieu les 13,14 et 15 septembre 2019, sera consacr\u00e9e \u00e0 l\u2019\u00e9veil de conscience. Bon nombre de rencontres seront ax\u00e9es sur cette th\u00e9matique.<\/span><\/strong><\/span><\/p>\n<p class=\"c5\">Cette ann\u00e9e encore, l\u2019Agora de la F\u00eate, anim\u00e9e par la r\u00e9daction de l\u2019Humanit\u00e9, s\u2019articulera autour des grandes causes du journal \u00e0 travers ses dizaines de rencontres et d\u00e9bats.<\/p>\n<p class=\"c5\">Plusieurs probl\u00e9matiques seront abord\u00e9es, notamment l\u2019urgence climatique, la solidarit\u00e9 internationale, la crise d\u00e9mocratique, la rentr\u00e9e sociale\u2026<\/p>\n<p class=\"c5\">Chaque ann\u00e9e, le meilleur de la pens\u00e9e critique, des femmes et des hommes sont convi\u00e9s au coeur de l\u2019agora, situ\u00e9 au carrefour des grandes all\u00e9es de la F\u00eate. C\u2019est dans ce lieu que pendant plusieurs jours, la r\u00e9daction du journal l\u2019Humanit\u00e9 et l\u2019Humanit\u00e9 Dimanche organisera ses rencontres.<\/p>\n<p class=\"c5\">D\u00e8s vendredi, le d\u00e9bat sera lanc\u00e9 sur les enjeux environnementaux et climatiques\u2026 l\u2019Amazonie, poumon vert de la plan\u00e8te \u00e9tant menac\u00e9 actuellement par les caprices humains.<\/p>\n<p class=\"c5\">La f\u00eate de l\u2019Huma accueillera aussi l\u2019ex-pr\u00e9sidente du Br\u00e9sil Dilma Rousseff. Au moment o\u00f9 l\u2019ancien pr\u00e9sident br\u00e9silien Lula croupit toujours dans sa cellule, la pr\u00e9sence de l\u2019expr\u00e9sidente br\u00e9silienne visera \u00e0 intensifier la mobilisation en faveur de sa lib\u00e9ration.<\/p>\n<p class=\"c5\">La politique sera d\u00e9battue \u00e0 l\u2019Agora, la vraie, celle qui concerne l\u2019int\u00e9r\u00eat g\u00e9n\u00e9ral, loin des phrases politiciennes qui trop souvent polluent le d\u00e9bat public. Crise de la d\u00e9mocratie repr\u00e9sentative, irruption populaire des gilets jaunes et bien d\u2019autres: Chacun pourra exprimer ses opinons et faire des propositions.<\/p>\n<p class=\"c5\">Des rencontres et des moments exceptionnels naissent chaque ann\u00e9e \u00e0 cette occasion. Philippe Martinez et Jean-Paul Delevoye se confronteront \u00e0 cette occasion. Des arguments solides seront \u00e9mis par les interlocuteurs devant le public.<\/p>\n<p class=\"c5\">Et comme notre journal ne renonce pas \u00e0 faire dialoguer les formations de gauche, elles se rassembleront dimanche pour d\u00e9battre des conditions d\u2019une nouvelle R\u00e9volution\u2026Aussi, retenons que la F\u00eate constitue le lieu de tous les savoirs.<\/p>\n<p class=\"c5\">Astronomie, histoire de l\u2019art, sociologie et bien d\u2019autres. De quoi \u00e9veiller davantage les consciences.<\/p>\n<p>Auteur: M&rsquo;hammed rahal<br \/>\n<a href=\"http:\/\/albayane.press.ma\/au-coeur-de-la-fete-de-lhumanite.html\">Cliquez ici pour lire l&rsquo;article depuis sa source.<\/a><\/p>\n","protected":false},"excerpt":{"rendered":"<p>La derni\u00e8re vitrine des grands combats La F\u00eate de l\u2019Huma, qui aura lieu les 13,14 et 15 septembre 2019, sera consacr\u00e9e \u00e0 l\u2019\u00e9veil de conscience. Bon nombre de rencontres seront ax\u00e9es sur cette th\u00e9matique. Cette ann\u00e9e encore, l\u2019Agora de la F\u00eate, anim\u00e9e par la r\u00e9daction de l\u2019Humanit\u00e9, s\u2019articulera autour des grandes causes du journal \u00e0 [&hellip;]<\/p>\n","protected":false},"author":1760,"featured_media":0,"comment_status":"closed","ping_status":"closed","sticky":false,"template":"","format":"standard","meta":{"fifu_image_url":"","fifu_image_alt":"","footnotes":""},"categories":[73,54],"tags":[],"class_list":["post-61098","post","type-post","status-publish","format-standard","hentry","category-actualite","category-maroc"],"_links":{"self":[{"href":"https:\/\/linitiative.ca\/International\/wp-json\/wp\/v2\/posts\/61098","targetHints":{"allow":["GET"]}}],"collection":[{"href":"https:\/\/linitiative.ca\/International\/wp-json\/wp\/v2\/posts"}],"about":[{"href":"https:\/\/linitiative.ca\/International\/wp-json\/wp\/v2\/types\/post"}],"author":[{"embeddable":true,"href":"https:\/\/linitiative.ca\/International\/wp-json\/wp\/v2\/users\/1760"}],"replies":[{"embeddable":true,"href":"https:\/\/linitiative.ca\/International\/wp-json\/wp\/v2\/comments?post=61098"}],"version-history":[{"count":0,"href":"https:\/\/linitiative.ca\/International\/wp-json\/wp\/v2\/posts\/61098\/revisions"}],"wp:attachment":[{"href":"https:\/\/linitiative.ca\/International\/wp-json\/wp\/v2\/media?parent=61098"}],"wp:term":[{"taxonomy":"category","embeddable":true,"href":"https:\/\/linitiative.ca\/International\/wp-json\/wp\/v2\/categories?post=61098"},{"taxonomy":"post_tag","embeddable":true,"href":"https:\/\/linitiative.ca\/International\/wp-json\/wp\/v2\/tags?post=61098"}],"curies":[{"name":"wp","href":"https:\/\/api.w.org\/{rel}","templated":true}]}}