{"id":61103,"date":"2019-09-14T04:50:49","date_gmt":"2019-09-14T08:50:49","guid":{"rendered":"https:\/\/linitiative.ca\/International\/election-presidentielle-la-mission-europeenne-dobservation-a-loeuvre\/"},"modified":"2019-09-14T04:50:49","modified_gmt":"2019-09-14T08:50:49","slug":"election-presidentielle-la-mission-europeenne-dobservation-a-loeuvre","status":"publish","type":"post","link":"https:\/\/linitiative.ca\/International\/election-presidentielle-la-mission-europeenne-dobservation-a-loeuvre\/","title":{"rendered":"Election pr\u00e9sidentielle : La mission europ\u00e9enne d\u2019observation \u00e0 l\u2019\u0153uvre"},"content":{"rendered":"<p>Le pr\u00e9sident de la R\u00e9publique par int\u00e9rim, Mohamed Ennaceur, a re\u00e7u, jeudi, au Palais de Carthage, le vice-pr\u00e9sident du Parlement europ\u00e9en, Fabio Massimo Castaldo, qui dirige la Mission d\u2019Observation Europ\u00e9enne des \u00e9lections (MOE UE).<\/p>\n<p>Castaldo a pr\u00e9sent\u00e9 au chef de l\u2019Etat un aper\u00e7u du travail de la mission d\u2019observation \u00e9lectorale, compos\u00e9e d\u2019une centaine d\u2019observateurs et d\u2019analystes \u00e9lectoraux r\u00e9partis dans tous les gouvernorats. Le travail de la mission se poursuivra pendant les l\u00e9gislatives, a-t-il pr\u00e9cis\u00e9.<\/p>\n<p>Le pr\u00e9sident de la MOE a mis en exergue l\u2019importance qu\u2019accorde l\u2019Union europ\u00e9enne au soutien de l\u2019exp\u00e9rience d\u00e9mocratique tunisienne et \u00e0 sa consolidation.<\/p>\n<p>Il a salu\u00e9 la d\u00e9termination du pr\u00e9sident de la R\u00e9publique \u00e0 garantir le bon d\u00e9roulement du scrutin pr\u00e9sidentiel et l\u00e9gislatif conform\u00e9ment aux dispositions de la Constitution.<\/p>\n<p>Castaldo a remis \u00e0 Mohamed Ennaceur un message \u00e9crit de la pr\u00e9sidente du parlement europ\u00e9en, Ursula Von Der Leyen, dans lequel elle r\u00e9it\u00e8re la disposition de l\u2019UE \u00e0 soutenir la Tunisie et r\u00e9affirm\u00e9 sa confiance en la capacit\u00e9 de la Tunisie \u00e0 poursuivre la r\u00e9alisation des pas franchis sur la voie de la d\u00e9mocratie.<\/p>\n<p>De son c\u00f4t\u00e9, le pr\u00e9sident de la R\u00e9publique a salu\u00e9 le travail de la MOE UE, relevant la d\u00e9termination de la Tunisie \u00e0 aller de l\u2019avant sur la voie de la construction d\u00e9mocratique malgr\u00e9<\/p>\n<p>Le pr\u00e9sident de la R\u00e9publique par int\u00e9rim, Mohamed Ennaceur, a re\u00e7u, jeudi, au Palais de Carthage, le vice-pr\u00e9sident du Parlement europ\u00e9en, Fabio Massimo Castaldo, qui dirige la Mission d\u2019Observation Europ\u00e9enne des \u00e9lections (MOE UE).<\/p>\n<p>Castaldo a pr\u00e9sent\u00e9 au chef de l\u2019Etat un aper\u00e7u du travail de la mission d\u2019observation \u00e9lectorale, compos\u00e9e d\u2019une centaine d\u2019observateurs et d\u2019analystes \u00e9lectoraux r\u00e9partis dans tous les gouvernorats. Le travail de la mission se poursuivra pendant les l\u00e9gislatives, a-t-il pr\u00e9cis\u00e9.<\/p>\n<p>Le pr\u00e9sident de la MOE a mis en exergue l\u2019importance qu\u2019accorde l\u2019Union europ\u00e9enne au soutien de l\u2019exp\u00e9rience d\u00e9mocratique tunisienne et \u00e0 sa consolidation.<\/p>\n<p>Il a salu\u00e9 la d\u00e9termination du pr\u00e9sident de la R\u00e9publique \u00e0 garantir le bon d\u00e9roulement du scrutin pr\u00e9sidentiel et l\u00e9gislatif conform\u00e9ment aux dispositions de la Constitution.<\/p>\n<p>Castaldo a remis \u00e0 Mohamed Ennaceur un message \u00e9crit de la pr\u00e9sidente du parlement europ\u00e9en, Ursula Von Der Leyen, dans lequel elle r\u00e9it\u00e8re la disposition de l\u2019UE \u00e0 soutenir la Tunisie et r\u00e9affirm\u00e9 sa confiance en la capacit\u00e9 de la Tunisie \u00e0 poursuivre la r\u00e9alisation des pas franchis sur la voie de la d\u00e9mocratie.<\/p>\n<p>De son c\u00f4t\u00e9, le pr\u00e9sident de la R\u00e9publique a salu\u00e9 le travail de la MOE UE, relevant la d\u00e9termination de la Tunisie \u00e0 aller de l\u2019avant sur la voie de la construction d\u00e9mocratique malgr\u00e9 les nombreux d\u00e9fis qui restent \u00e0 relever.<\/p>\n<p>La d\u00e9mocratie est un choix irr\u00e9versible et le seul moyen pour r\u00e9aliser le d\u00e9veloppement et garantir la stabilit\u00e9, a-t-il dit, rappelant avoir invit\u00e9 tous les candidats \u00e0 la pr\u00e9sidentielle et les parties concern\u00e9es par cette \u00e9ch\u00e9ance \u00e9lectorale de faire montre d\u2019un esprit de responsabilit\u00e9 et de faire pr\u00e9valoir l\u2019int\u00e9r\u00eat supr\u00eame du pays.<\/p>\n<p>\u00ab J\u2019ai \u00e9galement appel\u00e9 l\u2019ensemble des Tunisiens \u00e0 aller voter en masse et \u00e0 assumer leur r\u00f4le dans les efforts visant \u00e0 asseoir la d\u00e9mocratie naissante en Tunisie \u00bb, a-t-il ajout\u00e9.<\/p>\n<p>les nombreux d\u00e9fis qui restent \u00e0 relever.<\/p>\n<p class=\"dpsp-share-text\">Partager c&rsquo;est aimer!<\/p>\n<div class=\"wp-post-author-wrap wp-post-author-shortcode left\">\n<h3 class=\"awpa-title\"\/>\n<div class=\"wp-post-author\">\n<div class=\"awpa-img awpa-author-block square\"><a href=\"http:\/\/lexpertjournal.net\/fr\/author\/expert\/\"><img loading=\"lazy\" decoding=\"async\" alt=\"\" src=\"http:\/\/2.gravatar.com\/avatar\/56d99be2a6f97af88ccb49fada637fcd?s=150&#038;d=mm&#038;r=g\" srcset=\"http:\/\/2.gravatar.com\/avatar\/56d99be2a6f97af88ccb49fada637fcd?s=300&#038;d=mm&#038;r=g 2x\" class=\"avatar avatar-150 photo\" height=\"150\" width=\"150\"\/><\/a><\/div>\n<\/div>\n<\/div>\n<p>Auteur: L&rsquo;expert<br \/>\n<a href=\"http:\/\/lexpertjournal.net\/fr\/2019\/09\/14\/election-presidentielle-la-mission-europeenne-dobservation-a-loeuvre\/\">Cliquez ici pour lire l&rsquo;article depuis sa source.<\/a><\/p>\n","protected":false},"excerpt":{"rendered":"<p>Le pr\u00e9sident de la R\u00e9publique par int\u00e9rim, Mohamed Ennaceur, a re\u00e7u, jeudi, au Palais de Carthage, le vice-pr\u00e9sident du Parlement europ\u00e9en, Fabio Massimo Castaldo, qui dirige la Mission d\u2019Observation Europ\u00e9enne des \u00e9lections (MOE UE). Castaldo a pr\u00e9sent\u00e9 au chef de l\u2019Etat un aper\u00e7u du travail de la mission d\u2019observation \u00e9lectorale, compos\u00e9e d\u2019une centaine d\u2019observateurs et [&hellip;]<\/p>\n","protected":false},"author":1775,"featured_media":0,"comment_status":"closed","ping_status":"closed","sticky":false,"template":"","format":"standard","meta":{"fifu_image_url":"","fifu_image_alt":"","footnotes":""},"categories":[78,55],"tags":[],"class_list":["post-61103","post","type-post","status-publish","format-standard","hentry","category-economie","category-tunisie"],"_links":{"self":[{"href":"https:\/\/linitiative.ca\/International\/wp-json\/wp\/v2\/posts\/61103","targetHints":{"allow":["GET"]}}],"collection":[{"href":"https:\/\/linitiative.ca\/International\/wp-json\/wp\/v2\/posts"}],"about":[{"href":"https:\/\/linitiative.ca\/International\/wp-json\/wp\/v2\/types\/post"}],"author":[{"embeddable":true,"href":"https:\/\/linitiative.ca\/International\/wp-json\/wp\/v2\/users\/1775"}],"replies":[{"embeddable":true,"href":"https:\/\/linitiative.ca\/International\/wp-json\/wp\/v2\/comments?post=61103"}],"version-history":[{"count":0,"href":"https:\/\/linitiative.ca\/International\/wp-json\/wp\/v2\/posts\/61103\/revisions"}],"wp:attachment":[{"href":"https:\/\/linitiative.ca\/International\/wp-json\/wp\/v2\/media?parent=61103"}],"wp:term":[{"taxonomy":"category","embeddable":true,"href":"https:\/\/linitiative.ca\/International\/wp-json\/wp\/v2\/categories?post=61103"},{"taxonomy":"post_tag","embeddable":true,"href":"https:\/\/linitiative.ca\/International\/wp-json\/wp\/v2\/tags?post=61103"}],"curies":[{"name":"wp","href":"https:\/\/api.w.org\/{rel}","templated":true}]}}