{"id":61106,"date":"2019-09-14T06:00:00","date_gmt":"2019-09-14T10:00:00","guid":{"rendered":"https:\/\/linitiative.ca\/International\/les-villageois-del-malah-ferment-le-siege-de-lapc\/"},"modified":"2019-09-14T06:00:00","modified_gmt":"2019-09-14T10:00:00","slug":"les-villageois-del-malah-ferment-le-siege-de-lapc","status":"publish","type":"post","link":"https:\/\/linitiative.ca\/International\/les-villageois-del-malah-ferment-le-siege-de-lapc\/","title":{"rendered":"Les villageois d\u2019El-Malah ferment le si\u00e8ge de l\u2019APC"},"content":{"rendered":"<div id=\"originalText\" readability=\"82\">\n<p><strong>Les protestataires mentionnent le fait que leur village vit dans une extr\u00eame pr\u00e9carit\u00e9, avant d&rsquo;\u00e9grener les nombreuses carences dont ils disent souffrir.<\/strong><\/p>\n<p>Les villageois de la petite localit\u00e9 d\u2019El-Malah, relevant de la commune de Dirah, \u00e0 une quarantaine de kilom\u00e8tres au sud du chef-lieu de la wilaya de Bouira, se disent \u201cabandonn\u00e9s\u201d par les autorit\u00e9s locales. Ainsi, jeudi et pour la deuxi\u00e8me journ\u00e9e cons\u00e9cutive, ils ont ferm\u00e9 le si\u00e8ge de leur APC afin d\u2019alerter les pouvoirs publics sur leurs conditions de vie jug\u00e9es d\u00e9plorables.\u00a0<br \/>En effet, les protestataires mentionnent le fait que \u201cle village d\u2019El-Malah vit dans une extr\u00eame pr\u00e9carit\u00e9\u201d, avant d&rsquo;\u00e9grener les nombreuses carences dont ils disent souffrir. \u201cL&rsquo;eau potable se fait toujours attendre, et ce, malgr\u00e9 le lancement en 2017 du projet de raccordement au r\u00e9seau AEP\u201d, indiquent-ils. Par ailleurs et selon les manifestants, l&rsquo;\u00e9clairage public est d\u00e9faillant ou carr\u00e9ment inexistant \u00e0 certains endroits. En effet, selon eux, d\u00e8s la tomb\u00e9e de la nuit, leur village sombre dans l\u2019obscurit\u00e9 totale, faute d\u2019\u00e9clairage public. \u201cCertaines ruelles se retrouvent d\u00e9sert\u00e9es par les habitants et se transforment en rep\u00e8res pour brigands en tout genre\u201d, mentionnent-ils encore. Pour ce qui est des structures de sant\u00e9, selon les villageois, elles ne sont pas fonctionnelles.\u00a0<br \/>D&rsquo;apr\u00e8s nos interlocuteurs, leur bourgade dispose d&rsquo;une structure de soins, mais elle n&rsquo;est pas encore op\u00e9rationnelle. \u201cNous sommes oblig\u00e9s de nous d\u00e9placer au chef-lieu communal pour nous soigner, malgr\u00e9 que nous disposons d\u2019une polyclinique. C&rsquo;est une aberration !\u201d, rel\u00e8vent-ils encore. Autre point soulev\u00e9, celui relatif au transport scolaire. En effet, ce petit hameau, situ\u00e9 sur les hauteurs de ladite municipalit\u00e9, ne dispose pratiquement pas de bus pour assurer le ramassage scolaire, au grand dam des \u00e9coliers et de leurs parents. Ainsi et selon plusieurs t\u00e9moignages, les \u00e9l\u00e8ves sont oblig\u00e9s de parcourir plus de 4 kilom\u00e8tres \u00e0 pied afin de regagner l\u2019\u00e9tablissement scolaire le plus proche. \u201cDepuis plusieurs ann\u00e9es, on n\u2019a pas cess\u00e9 de r\u00e9clamer des bus pour nos enfants, mais \u00e0 chaque fois, les autorit\u00e9s concern\u00e9es font la sourde oreille !\u201d, explique un p\u00e8re de famille. Enfin, les villageois d\u2019El-Malah attirent l&rsquo;attention du wali sur le fait que \u201cle r\u00e9seau d&rsquo;assainissement de notre localit\u00e9 date des ann\u00e9es 90 et se trouve dans un \u00e9tat de v\u00e9tust\u00e9 des plus avanc\u00e9es\u201d.\u00a0<br \/>En conclusion, les villageois d\u00e9noncent vigoureusement, \u201cl&rsquo;abandon\u201d des \u00e9lus locaux \u00e0 leur \u00e9gard et invitent le wali \u00e0 se rendre sur les lieux, afin de constater, de visu, \u201cla mis\u00e8re et le sous-d\u00e9veloppement\u201d qui affectent leur localit\u00e9. De leur c\u00f4t\u00e9, les services municipaux de Dirah ont tenu \u00e0 pr\u00e9ciser certains points.\u00a0Pour ce qui est du projet d\u2019AEP, il a \u00e9t\u00e9 port\u00e9 \u00e0 notre connaissance que ledit projet a \u00e9t\u00e9 finalis\u00e9 en 2018 sauf que les citoyens refusent d\u2019installer les compteurs. Pour ce qui est du transport scolaire, les services de l\u2019APC mentionnent le fait qu\u2019ils sont en contrat avec une entreprise priv\u00e9e, laquelle assure le transport de 55 \u00e9coliers sur 90 recens\u00e9s. \u201cNous allons incessamment nous occuper des 35 autres \u00e9l\u00e8ves en affr\u00e9tant un autre bus\u201d, a-on assur\u00e9.<br \/>\u00a0<\/p>\n<p class=\"c10\"><strong>RAMDANE BOURAHLA\u00a0<\/strong><\/p>\n<\/div>\n<div id=\"text_core\" readability=\"82\">\n<p><strong>Les protestataires mentionnent le fait que leur village vit dans une extr\u00eame pr\u00e9carit\u00e9, avant d&rsquo;\u00e9grener les nombreuses carences dont ils disent souffrir.<\/strong><\/p>\n<p>Les villageois de la petite localit\u00e9 d\u2019El-Malah, relevant de la commune de Dirah, \u00e0 une quarantaine de kilom\u00e8tres au sud du chef-lieu de la wilaya de Bouira, se disent \u201cabandonn\u00e9s\u201d par les autorit\u00e9s locales. Ainsi, jeudi et pour la deuxi\u00e8me journ\u00e9e cons\u00e9cutive, ils ont ferm\u00e9 le si\u00e8ge de leur APC afin d\u2019alerter les pouvoirs publics sur leurs conditions de vie jug\u00e9es d\u00e9plorables.\u00a0<br \/>En effet, les protestataires mentionnent le fait que \u201cle village d\u2019El-Malah vit dans une extr\u00eame pr\u00e9carit\u00e9\u201d, avant d&rsquo;\u00e9grener les nombreuses carences dont ils disent souffrir. \u201cL&rsquo;eau potable se fait toujours attendre, et ce, malgr\u00e9 le lancement en 2017 du projet de raccordement au r\u00e9seau AEP\u201d, indiquent-ils. Par ailleurs et selon les manifestants, l&rsquo;\u00e9clairage public est d\u00e9faillant ou carr\u00e9ment inexistant \u00e0 certains endroits. En effet, selon eux, d\u00e8s la tomb\u00e9e de la nuit, leur village sombre dans l\u2019obscurit\u00e9 totale, faute d\u2019\u00e9clairage public. \u201cCertaines ruelles se retrouvent d\u00e9sert\u00e9es par les habitants et se transforment en rep\u00e8res pour brigands en tout genre\u201d, mentionnent-ils encore. Pour ce qui est des structures de sant\u00e9, selon les villageois, elles ne sont pas fonctionnelles.\u00a0<br \/>D&rsquo;apr\u00e8s nos interlocuteurs, leur bourgade dispose d&rsquo;une structure de soins, mais elle n&rsquo;est pas encore op\u00e9rationnelle. \u201cNous sommes oblig\u00e9s de nous d\u00e9placer au chef-lieu communal pour nous soigner, malgr\u00e9 que nous disposons d\u2019une polyclinique. C&rsquo;est une aberration !\u201d, rel\u00e8vent-ils encore. Autre point soulev\u00e9, celui relatif au transport scolaire. En effet, ce petit hameau, situ\u00e9 sur les hauteurs de ladite municipalit\u00e9, ne dispose pratiquement pas de bus pour assurer le ramassage scolaire, au grand dam des \u00e9coliers et de leurs parents. Ainsi et selon plusieurs t\u00e9moignages, les \u00e9l\u00e8ves sont oblig\u00e9s de parcourir plus de 4 kilom\u00e8tres \u00e0 pied afin de regagner l\u2019\u00e9tablissement scolaire le plus proche. \u201cDepuis plusieurs ann\u00e9es, on n\u2019a pas cess\u00e9 de r\u00e9clamer des bus pour nos enfants, mais \u00e0 chaque fois, les autorit\u00e9s concern\u00e9es font la sourde oreille !\u201d, explique un p\u00e8re de famille. Enfin, les villageois d\u2019El-Malah attirent l&rsquo;attention du wali sur le fait que \u201cle r\u00e9seau d&rsquo;assainissement de notre localit\u00e9 date des ann\u00e9es 90 et se trouve dans un \u00e9tat de v\u00e9tust\u00e9 des plus avanc\u00e9es\u201d.\u00a0<br \/>En conclusion, les villageois d\u00e9noncent vigoureusement, \u201cl&rsquo;abandon\u201d des \u00e9lus locaux \u00e0 leur \u00e9gard et invitent le wali \u00e0 se rendre sur les lieux, afin de constater, de visu, \u201cla mis\u00e8re et le sous-d\u00e9veloppement\u201d qui affectent leur localit\u00e9. De leur c\u00f4t\u00e9, les services municipaux de Dirah ont tenu \u00e0 pr\u00e9ciser certains points.\u00a0Pour ce qui est du projet d\u2019AEP, il a \u00e9t\u00e9 port\u00e9 \u00e0 notre connaissance que ledit projet a \u00e9t\u00e9 finalis\u00e9 en 2018 sauf que les citoyens refusent d\u2019installer les compteurs. Pour ce qui est du transport scolaire, les services de l\u2019APC mentionnent le fait qu\u2019ils sont en contrat avec une entreprise priv\u00e9e, laquelle assure le transport de 55 \u00e9coliers sur 90 recens\u00e9s. \u201cNous allons incessamment nous occuper des 35 autres \u00e9l\u00e8ves en affr\u00e9tant un autre bus\u201d, a-on assur\u00e9.<br \/>\u00a0<\/p>\n<p class=\"c10\"><strong>RAMDANE BOURAHLA\u00a0<\/strong><\/p>\n<\/div>\n<p>Auteur:<br \/>\n<a href=\"https:\/\/www.liberte-algerie.com\/centre\/les-villageois-del-malah-ferment-le-siege-de-lapc-323842\">Cliquez ici pour lire l&rsquo;article depuis sa source.<\/a><\/p>\n","protected":false},"excerpt":{"rendered":"<p>Les protestataires mentionnent le fait que leur village vit dans une extr\u00eame pr\u00e9carit\u00e9, avant d&rsquo;\u00e9grener les nombreuses carences dont ils disent souffrir. Les villageois de la petite localit\u00e9 d\u2019El-Malah, relevant de la commune de Dirah, \u00e0 une quarantaine de kilom\u00e8tres au sud du chef-lieu de la wilaya de Bouira, se disent \u201cabandonn\u00e9s\u201d par les autorit\u00e9s [&hellip;]<\/p>\n","protected":false},"author":1742,"featured_media":0,"comment_status":"closed","ping_status":"closed","sticky":false,"template":"","format":"standard","meta":{"fifu_image_url":"","fifu_image_alt":"","footnotes":""},"categories":[73,53],"tags":[],"class_list":["post-61106","post","type-post","status-publish","format-standard","hentry","category-actualite","category-algerie"],"_links":{"self":[{"href":"https:\/\/linitiative.ca\/International\/wp-json\/wp\/v2\/posts\/61106","targetHints":{"allow":["GET"]}}],"collection":[{"href":"https:\/\/linitiative.ca\/International\/wp-json\/wp\/v2\/posts"}],"about":[{"href":"https:\/\/linitiative.ca\/International\/wp-json\/wp\/v2\/types\/post"}],"author":[{"embeddable":true,"href":"https:\/\/linitiative.ca\/International\/wp-json\/wp\/v2\/users\/1742"}],"replies":[{"embeddable":true,"href":"https:\/\/linitiative.ca\/International\/wp-json\/wp\/v2\/comments?post=61106"}],"version-history":[{"count":0,"href":"https:\/\/linitiative.ca\/International\/wp-json\/wp\/v2\/posts\/61106\/revisions"}],"wp:attachment":[{"href":"https:\/\/linitiative.ca\/International\/wp-json\/wp\/v2\/media?parent=61106"}],"wp:term":[{"taxonomy":"category","embeddable":true,"href":"https:\/\/linitiative.ca\/International\/wp-json\/wp\/v2\/categories?post=61106"},{"taxonomy":"post_tag","embeddable":true,"href":"https:\/\/linitiative.ca\/International\/wp-json\/wp\/v2\/tags?post=61106"}],"curies":[{"name":"wp","href":"https:\/\/api.w.org\/{rel}","templated":true}]}}