{"id":61107,"date":"2019-09-14T06:00:00","date_gmt":"2019-09-14T10:00:00","guid":{"rendered":"https:\/\/linitiative.ca\/International\/deux-lycees-toujours-en-proie-a-linstabilite\/"},"modified":"2019-09-14T06:00:00","modified_gmt":"2019-09-14T10:00:00","slug":"deux-lycees-toujours-en-proie-a-linstabilite","status":"publish","type":"post","link":"https:\/\/linitiative.ca\/International\/deux-lycees-toujours-en-proie-a-linstabilite\/","title":{"rendered":"Deux lyc\u00e9es toujours en proie \u00e0 l\u2019instabilit\u00e9"},"content":{"rendered":"<div id=\"originalText\" readability=\"74\">\n<p>Une semaine vient \u00e0 peine de s\u2019\u00e9couler depuis la rentr\u00e9e scolaire, et voil\u00e0 que les probl\u00e8mes tout aussi r\u00e9currents les uns que les autres, et influant directement sur le bon d\u00e9roulement de l\u2019entame de l\u2019ann\u00e9e, viennent d\u00e9j\u00e0 de resurgir dans les diff\u00e9rents lyc\u00e9es de la da\u00efra de Bouzegu\u00e8ne. C\u2019est, entre autres, le cas au lyc\u00e9e colonel Mohand-Oulhadj, o\u00f9 les parents d\u2019\u00e9l\u00e8ves ont improvis\u00e9 une assembl\u00e9e g\u00e9n\u00e9rale pour d\u00e9battre des nombreux probl\u00e8mes que vit l\u2019\u00e9tablissement et tenter de trouver des solutions qui permettront un d\u00e9roulement de l\u2019ann\u00e9e scolaire dans des conditions acceptables. Le premier de ces probl\u00e8mes soulev\u00e9s n\u2019est autre que le fait que pour la \u00e9ni\u00e8me ann\u00e9e, l\u2019\u00e9tablissement se retrouve encore sans proviseur, sans censeur et sans surveillant g\u00e9n\u00e9ral. Ainsi, habitu\u00e9e au bricolage, la direction de l\u2019\u00e9ducation n\u2019a pas trouv\u00e9 mieux que de faire appel, \u00e0 quelques heures de la rentr\u00e9e, au proviseur du lyc\u00e9e d\u2019Illoula Oumalou, lui-m\u00eame faisant cette fonction pour superviser la rentr\u00e9e scolaire au lyc\u00e9e Mohand-Oulhadj. \u201cLa mission de cet envoy\u00e9 sp\u00e9cial \u00e9tait juste d\u2019effectuer la rentr\u00e9e en attendant de trouver quelqu\u2019un d\u2019autre pour assurer la fonction jusqu\u2019\u00e0 la fin de l\u2019ann\u00e9e\u201d, affirme une source au fait du dossier. Ce qui n\u2019est pas sans plonger l\u2019\u00e9tablissement dans une instabilit\u00e9 criante, de surcro\u00eet aggrav\u00e9e par un probl\u00e8me de manque d\u2019encadrement administratif caus\u00e9 par l\u2019absence de logements d\u2019astreinte. Les responsables accomplissent l\u2019ann\u00e9e, nous a-t-on expliqu\u00e9, en faisant des allers-retours et repartent illico presto. D\u2019aucuns auraient sollicit\u00e9 la transformation des dortoirs, inutilisables depuis toujours, en logements pour le directeur, le surveillant g\u00e9n\u00e9ral, l\u2019\u00e9conome et le censeur, mais en vain. Le second probl\u00e8me soulev\u00e9 par les parents d\u2019\u00e9l\u00e8ves est celui du danger qui guette les \u00e9l\u00e8ves au r\u00e9fectoire avec sa charpente mena\u00e7ant ruine apr\u00e8s avoir longtemps subi le poids des neiges hivernales. Le chauffage des salles de classe est \u00e9galement al\u00e9atoire, selon les parents d\u2019\u00e9l\u00e8ves qui expliquent que le chauffage fonctionne toujours au gasoil alors que le gaz naturel est juste \u00e0 quelques m\u00e8tres, depuis 2012. Enfin, la situation de la classe de deuxi\u00e8me ann\u00e9e secondaire, fili\u00e8re langues \u00e9trang\u00e8res, est encore plus inqui\u00e9tante selon ces parents. D\u00e9j\u00e0 surcharg\u00e9e avec 45 \u00e9l\u00e8ves inscrits, soulignent-ils, elle devrait atteindre les 50 dans quelques jours. L\u2019unique professeure de langue allemande aura fort \u00e0 faire avec cette classe, elle qui fait la navette entre deux \u00e9tablissements pour compl\u00e9ter son volume horaire. Au technicum des fr\u00e8res Hanouti de Loudha, transform\u00e9 en lyc\u00e9e d\u2019enseignement g\u00e9n\u00e9ral, la situation n\u2019est gu\u00e8re meilleure. Cet \u00e9tablissement \u00e0, certes, re\u00e7u la nomination d\u2019une nouvelle proviseure pour assurer la continuit\u00e9 et la stabilit\u00e9, et obtenu la reconduction des enseignants vacataires, mais une nouvelle tension est provoqu\u00e9e par les emplois du temps qui n\u2019auraient pas \u00e9t\u00e9 revus. Ajoutez \u00e0 cela, la suppression de la classe de langue \u00e9trang\u00e8re qui a, \u00e0 la fois, fait des m\u00e9contents et provoqu\u00e9 la surcharge des classes au lyc\u00e9e Mohand-Oulhadj o\u00f9 les \u00e9l\u00e8ves de cette classe ont \u00e9t\u00e9 transf\u00e9r\u00e9s.<br \/>\u00a0<\/p>\n<p class=\"c10\"><strong>KAMEL NATH OUKACI\u00a0<\/strong><\/p>\n<\/div>\n<div id=\"text_core\" readability=\"74\">\n<p>Une semaine vient \u00e0 peine de s\u2019\u00e9couler depuis la rentr\u00e9e scolaire, et voil\u00e0 que les probl\u00e8mes tout aussi r\u00e9currents les uns que les autres, et influant directement sur le bon d\u00e9roulement de l\u2019entame de l\u2019ann\u00e9e, viennent d\u00e9j\u00e0 de resurgir dans les diff\u00e9rents lyc\u00e9es de la da\u00efra de Bouzegu\u00e8ne. C\u2019est, entre autres, le cas au lyc\u00e9e colonel Mohand-Oulhadj, o\u00f9 les parents d\u2019\u00e9l\u00e8ves ont improvis\u00e9 une assembl\u00e9e g\u00e9n\u00e9rale pour d\u00e9battre des nombreux probl\u00e8mes que vit l\u2019\u00e9tablissement et tenter de trouver des solutions qui permettront un d\u00e9roulement de l\u2019ann\u00e9e scolaire dans des conditions acceptables. Le premier de ces probl\u00e8mes soulev\u00e9s n\u2019est autre que le fait que pour la \u00e9ni\u00e8me ann\u00e9e, l\u2019\u00e9tablissement se retrouve encore sans proviseur, sans censeur et sans surveillant g\u00e9n\u00e9ral. Ainsi, habitu\u00e9e au bricolage, la direction de l\u2019\u00e9ducation n\u2019a pas trouv\u00e9 mieux que de faire appel, \u00e0 quelques heures de la rentr\u00e9e, au proviseur du lyc\u00e9e d\u2019Illoula Oumalou, lui-m\u00eame faisant cette fonction pour superviser la rentr\u00e9e scolaire au lyc\u00e9e Mohand-Oulhadj. \u201cLa mission de cet envoy\u00e9 sp\u00e9cial \u00e9tait juste d\u2019effectuer la rentr\u00e9e en attendant de trouver quelqu\u2019un d\u2019autre pour assurer la fonction jusqu\u2019\u00e0 la fin de l\u2019ann\u00e9e\u201d, affirme une source au fait du dossier. Ce qui n\u2019est pas sans plonger l\u2019\u00e9tablissement dans une instabilit\u00e9 criante, de surcro\u00eet aggrav\u00e9e par un probl\u00e8me de manque d\u2019encadrement administratif caus\u00e9 par l\u2019absence de logements d\u2019astreinte. Les responsables accomplissent l\u2019ann\u00e9e, nous a-t-on expliqu\u00e9, en faisant des allers-retours et repartent illico presto. D\u2019aucuns auraient sollicit\u00e9 la transformation des dortoirs, inutilisables depuis toujours, en logements pour le directeur, le surveillant g\u00e9n\u00e9ral, l\u2019\u00e9conome et le censeur, mais en vain. Le second probl\u00e8me soulev\u00e9 par les parents d\u2019\u00e9l\u00e8ves est celui du danger qui guette les \u00e9l\u00e8ves au r\u00e9fectoire avec sa charpente mena\u00e7ant ruine apr\u00e8s avoir longtemps subi le poids des neiges hivernales. Le chauffage des salles de classe est \u00e9galement al\u00e9atoire, selon les parents d\u2019\u00e9l\u00e8ves qui expliquent que le chauffage fonctionne toujours au gasoil alors que le gaz naturel est juste \u00e0 quelques m\u00e8tres, depuis 2012. Enfin, la situation de la classe de deuxi\u00e8me ann\u00e9e secondaire, fili\u00e8re langues \u00e9trang\u00e8res, est encore plus inqui\u00e9tante selon ces parents. D\u00e9j\u00e0 surcharg\u00e9e avec 45 \u00e9l\u00e8ves inscrits, soulignent-ils, elle devrait atteindre les 50 dans quelques jours. L\u2019unique professeure de langue allemande aura fort \u00e0 faire avec cette classe, elle qui fait la navette entre deux \u00e9tablissements pour compl\u00e9ter son volume horaire. Au technicum des fr\u00e8res Hanouti de Loudha, transform\u00e9 en lyc\u00e9e d\u2019enseignement g\u00e9n\u00e9ral, la situation n\u2019est gu\u00e8re meilleure. Cet \u00e9tablissement \u00e0, certes, re\u00e7u la nomination d\u2019une nouvelle proviseure pour assurer la continuit\u00e9 et la stabilit\u00e9, et obtenu la reconduction des enseignants vacataires, mais une nouvelle tension est provoqu\u00e9e par les emplois du temps qui n\u2019auraient pas \u00e9t\u00e9 revus. Ajoutez \u00e0 cela, la suppression de la classe de langue \u00e9trang\u00e8re qui a, \u00e0 la fois, fait des m\u00e9contents et provoqu\u00e9 la surcharge des classes au lyc\u00e9e Mohand-Oulhadj o\u00f9 les \u00e9l\u00e8ves de cette classe ont \u00e9t\u00e9 transf\u00e9r\u00e9s.<br \/>\u00a0<\/p>\n<p class=\"c10\"><strong>KAMEL NATH OUKACI\u00a0<\/strong><\/p>\n<\/div>\n<p>Auteur:<br \/>\n<a href=\"https:\/\/www.liberte-algerie.com\/centre\/deux-lycees-toujours-en-proie-a-linstabilite-323841\">Cliquez ici pour lire l&rsquo;article depuis sa source.<\/a><\/p>\n","protected":false},"excerpt":{"rendered":"<p>Une semaine vient \u00e0 peine de s\u2019\u00e9couler depuis la rentr\u00e9e scolaire, et voil\u00e0 que les probl\u00e8mes tout aussi r\u00e9currents les uns que les autres, et influant directement sur le bon d\u00e9roulement de l\u2019entame de l\u2019ann\u00e9e, viennent d\u00e9j\u00e0 de resurgir dans les diff\u00e9rents lyc\u00e9es de la da\u00efra de Bouzegu\u00e8ne. C\u2019est, entre autres, le cas au lyc\u00e9e [&hellip;]<\/p>\n","protected":false},"author":1742,"featured_media":0,"comment_status":"closed","ping_status":"closed","sticky":false,"template":"","format":"standard","meta":{"fifu_image_url":"","fifu_image_alt":"","footnotes":""},"categories":[73,53],"tags":[],"class_list":["post-61107","post","type-post","status-publish","format-standard","hentry","category-actualite","category-algerie"],"_links":{"self":[{"href":"https:\/\/linitiative.ca\/International\/wp-json\/wp\/v2\/posts\/61107","targetHints":{"allow":["GET"]}}],"collection":[{"href":"https:\/\/linitiative.ca\/International\/wp-json\/wp\/v2\/posts"}],"about":[{"href":"https:\/\/linitiative.ca\/International\/wp-json\/wp\/v2\/types\/post"}],"author":[{"embeddable":true,"href":"https:\/\/linitiative.ca\/International\/wp-json\/wp\/v2\/users\/1742"}],"replies":[{"embeddable":true,"href":"https:\/\/linitiative.ca\/International\/wp-json\/wp\/v2\/comments?post=61107"}],"version-history":[{"count":0,"href":"https:\/\/linitiative.ca\/International\/wp-json\/wp\/v2\/posts\/61107\/revisions"}],"wp:attachment":[{"href":"https:\/\/linitiative.ca\/International\/wp-json\/wp\/v2\/media?parent=61107"}],"wp:term":[{"taxonomy":"category","embeddable":true,"href":"https:\/\/linitiative.ca\/International\/wp-json\/wp\/v2\/categories?post=61107"},{"taxonomy":"post_tag","embeddable":true,"href":"https:\/\/linitiative.ca\/International\/wp-json\/wp\/v2\/tags?post=61107"}],"curies":[{"name":"wp","href":"https:\/\/api.w.org\/{rel}","templated":true}]}}