{"id":61112,"date":"2019-09-14T04:44:06","date_gmt":"2019-09-14T08:44:06","guid":{"rendered":"https:\/\/linitiative.ca\/International\/mobilisation-en-faveur-de-la-scolarisation-des-demunis\/"},"modified":"2019-09-14T04:44:06","modified_gmt":"2019-09-14T08:44:06","slug":"mobilisation-en-faveur-de-la-scolarisation-des-demunis","status":"publish","type":"post","link":"https:\/\/linitiative.ca\/International\/mobilisation-en-faveur-de-la-scolarisation-des-demunis\/","title":{"rendered":"Mobilisation en faveur de la scolarisation des d\u00e9munis"},"content":{"rendered":"<div readability=\"36\">\n<p>Essaouira- Une op\u00e9ration de distribution de cartables et de fournitures scolaires au profit de quelque 2.092 jeunes \u00e9coliers issus de milieux d\u00e9favoris\u00e9s, a \u00e9t\u00e9 organis\u00e9e du 08 au 12 septembre courant au niveau de plusieurs \u00e9tablissements scolaires et associations dans la province d\u2019Essaouira.<\/p>\n<\/div>\n<div readability=\"91\">\n<p>Initi\u00e9e conjointement par l\u2019Association de Protection des enfants en situation de handicap, et l\u2019Association Afoulki pour le D\u00e9veloppement (AAD), en partenariat avec l\u2019ONG am\u00e9ricaine \u00ab\u00a0World Partenership\u00a0\u00bb, cette initiative s\u2019ins\u00e8re dans le cadre des efforts men\u00e9s \u00e0 l\u2019\u00e9chelle provinciale par diff\u00e9rents acteurs en vue de promouvoir la scolarisation des jeunes notamment ceux issus de milieux d\u00e9favoris\u00e9s ou souffrant de handicap.<\/p>\n<p>Sur les 2.092 b\u00e9n\u00e9ficiaires, 1.032 jeunes filles ont profit\u00e9 de cette action sociale et humaine qui illustre clairement les valeurs de solidarit\u00e9 et d\u2019entraide envers ces cat\u00e9gories sociales, mais aussi contribue \u00e0 asseoir les bases d\u2019une citoyennet\u00e9 effective chez les g\u00e9n\u00e9rations montantes, a confi\u00e9 \u00e0 la MAP, M. Sa\u00efd Moudouji, pr\u00e9sident de l\u2019Association de protection des enfants en situation de handicap.<\/p>\n<p>\u00ab\u00a0Cette initiative se propose \u00e9galement de tirer vers le haut la qualit\u00e9 de la scolarisation et de r\u00e9duire les in\u00e9galit\u00e9s sociales et \u00e9conomiques et intervient en application de la Vision strat\u00e9gique de la r\u00e9forme p\u00e9dagogique 2015-2030 qui vise \u00e0 \u00e9difier une nouvelle \u00e9cole citoyenne fond\u00e9e sur l\u2019\u00e9quit\u00e9 et l\u2019\u00e9galit\u00e9 des chances, ainsi que la qualit\u00e9 de l\u2019\u00e9ducation et de la formation pour tous\u00a0\u00bb, a-t-il ajout\u00e9.<\/p>\n<p>M. Moudouji a fait savoir que sur la liste des associations locales b\u00e9n\u00e9ficiaires figurent, l\u2019Association \u00ab\u00a0Coeur de l\u2019Amiti\u00e9\u00a0\u00bb avec 41 b\u00e9n\u00e9ficiaires, l\u2019Association \u00ab\u00a0Bayti\u00a0\u00bb (86 b\u00e9n\u00e9ficiaires), l\u2019Association \u00ab\u00a0Darna\u00a0\u00bb (33 b\u00e9n\u00e9ficiaires), l\u2019Association \u00ab\u00a0Ibtissama\u00a0\u00bb (40 b\u00e9n\u00e9ficiaires), l\u2019\u00e9cole de Hay Lalla Amina, l\u2019Ecole Hassania I, et la classe int\u00e9gr\u00e9e \u00e0 l\u2019\u00e9cole de Sakalla, au niveau de la ville d\u2019Essaouira.<\/p>\n<p>Ont b\u00e9n\u00e9fici\u00e9 \u00e9galement de cette op\u00e9ration, entre autres, le Centre de protection des enfants en situation de handicap (230 b\u00e9n\u00e9ficiaires) et Dar Talib (50 b\u00e9n\u00e9ficiaires), outre le groupe scolaire \u00ab\u00a0Bouzama\u00a0\u00bb avec 306 b\u00e9n\u00e9ficiaires, le Groupe scolaire Mokhtar Soussi \u00e0 la commune rural d\u2019Ida Ougerd (267 b\u00e9n\u00e9ficiaires), et le Groupe scolaire L\u00e2ayoune \u00e0 Al Ghazwa, (171 b\u00e9n\u00e9ficiaires).<\/p>\n<p>Et de conclure que son association qui oeuvre depuis de longues ann\u00e9es en vue de faciliter et am\u00e9liorer les conditions de vie des enfants souffrant de handicap, ne m\u00e9nage aucun effort pour apporter sa contribution \u00e0 toutes les actions humaines et de solidarit\u00e9 en faveur de toutes les populations cibl\u00e9es et contribue \u00e0 la lutte contre la pr\u00e9carit\u00e9.<\/p>\n<p>Parall\u00e8lement \u00e0 cette action sociale, il a \u00e9t\u00e9 proc\u00e9d\u00e9 au niveau du Douar Ansatmane relevant de la commune d\u2019Assa\u00efs, \u00e0 l\u2019\u00e9quipement d\u2019un puits en panneaux solaires et autres \u00e9quipements y aff\u00e9rents.<\/p>\n<\/div>\n<p>Auteur: Mohammed KOURSI<br \/>\n<a href=\"http:\/\/www.mapmarrakech.ma\/fr\/mobilisation-en-faveur-de-la-scolarisation-des-jeunes-demunis\/\">Cliquez ici pour lire l&rsquo;article depuis sa source.<\/a><\/p>\n","protected":false},"excerpt":{"rendered":"<p>Essaouira- Une op\u00e9ration de distribution de cartables et de fournitures scolaires au profit de quelque 2.092 jeunes \u00e9coliers issus de milieux d\u00e9favoris\u00e9s, a \u00e9t\u00e9 organis\u00e9e du 08 au 12 septembre courant au niveau de plusieurs \u00e9tablissements scolaires et associations dans la province d\u2019Essaouira. Initi\u00e9e conjointement par l\u2019Association de Protection des enfants en situation de handicap, [&hellip;]<\/p>\n","protected":false},"author":1788,"featured_media":0,"comment_status":"closed","ping_status":"closed","sticky":false,"template":"","format":"standard","meta":{"fifu_image_url":"","fifu_image_alt":"","footnotes":""},"categories":[54,76],"tags":[],"class_list":["post-61112","post","type-post","status-publish","format-standard","hentry","category-maroc","category-regions"],"_links":{"self":[{"href":"https:\/\/linitiative.ca\/International\/wp-json\/wp\/v2\/posts\/61112","targetHints":{"allow":["GET"]}}],"collection":[{"href":"https:\/\/linitiative.ca\/International\/wp-json\/wp\/v2\/posts"}],"about":[{"href":"https:\/\/linitiative.ca\/International\/wp-json\/wp\/v2\/types\/post"}],"author":[{"embeddable":true,"href":"https:\/\/linitiative.ca\/International\/wp-json\/wp\/v2\/users\/1788"}],"replies":[{"embeddable":true,"href":"https:\/\/linitiative.ca\/International\/wp-json\/wp\/v2\/comments?post=61112"}],"version-history":[{"count":0,"href":"https:\/\/linitiative.ca\/International\/wp-json\/wp\/v2\/posts\/61112\/revisions"}],"wp:attachment":[{"href":"https:\/\/linitiative.ca\/International\/wp-json\/wp\/v2\/media?parent=61112"}],"wp:term":[{"taxonomy":"category","embeddable":true,"href":"https:\/\/linitiative.ca\/International\/wp-json\/wp\/v2\/categories?post=61112"},{"taxonomy":"post_tag","embeddable":true,"href":"https:\/\/linitiative.ca\/International\/wp-json\/wp\/v2\/tags?post=61112"}],"curies":[{"name":"wp","href":"https:\/\/api.w.org\/{rel}","templated":true}]}}