{"id":61124,"date":"2019-09-14T13:37:22","date_gmt":"2019-09-14T17:37:22","guid":{"rendered":"https:\/\/linitiative.ca\/International\/pres-de-460-000-eleves-rejoignent-les-bancs-de-lecole\/"},"modified":"2019-09-14T13:37:22","modified_gmt":"2019-09-14T17:37:22","slug":"pres-de-460-000-eleves-rejoignent-les-bancs-de-lecole","status":"publish","type":"post","link":"https:\/\/linitiative.ca\/International\/pres-de-460-000-eleves-rejoignent-les-bancs-de-lecole\/","title":{"rendered":"Pr\u00e8s de 460.000 \u00e9l\u00e8ves rejoignent les bancs de l\u2019\u00e9cole"},"content":{"rendered":"<p class=\"c1\">Un total de 459.429 \u00e9l\u00e8ves ont rejoint les bancs des diff\u00e9rents \u00e9tablissements scolaires publics et priv\u00e9s relevant de la r\u00e9gion de l\u2019Oriental, au titre de la rentr\u00e9e scolaire 2019-2020.<\/p>\n<p class=\"c1\">Ce nombre comprend quelque 42.196 \u00e9l\u00e8ves inscrits dans les \u00e9tablissements de l\u2019enseignement priv\u00e9 et 138.620 \u00e9l\u00e8ves relevant des \u00e9tablissements scolaires dans le monde rural, selon les donn\u00e9es de l\u2019Acad\u00e9mie r\u00e9gionale d\u2019\u00e9ducation et de formation (AREF), pr\u00e9sent\u00e9es \u00e0 l\u2019occasion du coup d\u2019envoi officiel de la rentr\u00e9e scolaire au niveau de la r\u00e9gion, donn\u00e9 vendredi \u00e0 l\u2019\u00e9cole primaire Kacem Jdayen \u00e0 Oujda par le wali de la r\u00e9gion et gouverneur de la province d\u2019Oujda-Angad, Mouad El Jamai.<\/p>\n<p class=\"c1\">Le nombre des enseignants a atteint, quant \u00e0 lui, 18.453, dont 1.270 nouveaux laur\u00e9ats, pr\u00e9cise le communiqu\u00e9, ajoutant que le nombre de classes s\u2019est \u00e9tabli \u00e0 15.174, en hausse par rapport \u00e0 l\u2019ann\u00e9e pr\u00e9c\u00e9dente, dont 2.253 classes communes, soit moins de 15% du total des classes de l\u2019enseignement public.<\/p>\n<p class=\"c1\">La r\u00e9gion de l\u2019Oriental compte un total de 888 \u00e9tablissements scolaires, dont 634 \u00e9tablissements de l\u2019enseignement primaire, 158 du secondaire coll\u00e9gial et 96 du secondaire qualifiant. Le monde rural compte 389 \u00e9tablissements scolaires, soit 44% du total des \u00e9coles et lyc\u00e9es de la r\u00e9gion.<\/p>\n<p class=\"c1\">L\u2019offre scolaire s\u2019est renforc\u00e9e cette ann\u00e9e par la cr\u00e9ation de 23 nouveaux \u00e9tablissements, dont 12 dans le monde rural, ainsi que 7 nouveaux internats, 5 d\u2019entre elles en milieu rural, alors que 5 autres internats ont fait l\u2019objet de travaux d\u2019agrandissement.<\/p>\n<p class=\"c1\">De m\u00eame, 1.202 nouvelles classes ont \u00e9t\u00e9 ouvertes, dont 590 classes consacr\u00e9es \u00e0 l\u2019enseignement pr\u00e9scolaire, 458 classes pour remplacer le pr\u00e9fabriqu\u00e9 et 154 classes destin\u00e9es \u00e0 l\u2019\u00e9largissement de la capacit\u00e9 d\u2019accueil des \u00e9coles.<\/p>\n<p class=\"c1\">Par ailleurs, l\u2019AREF et ses services ext\u00e9rieurs ont proc\u00e9d\u00e9 \u00e0 la r\u00e9novation de 133 \u00e9tablissements scolaires et 33 internats, au raccordement au r\u00e9seau d\u2019eau et d\u2019\u00e9lectricit\u00e9, \u00e0 la construction et la r\u00e9novation de sanitaires et \u00e0 des travaux de maintenance pr\u00e9ventive.<\/p>\n<p class=\"c1\">Concernant le soutien social, quelque 116.000 \u00e9l\u00e8ves du milieu rural b\u00e9n\u00e9ficient des cantines scolaires, alors que le nombre d\u2019\u00e9l\u00e8ves issus du milieu rural et de zones d\u00e9favoris\u00e9es et qui b\u00e9n\u00e9ficient de bourses pour les trois cycles de l\u2019enseignement a atteint 17.218, en hausse de 12%.<\/p>\n<p class=\"c1\">Pour ce qui est du programme Tayssir, il b\u00e9n\u00e9ficie cette ann\u00e9e \u00e0 147.597 \u00e9l\u00e8ves de la r\u00e9gion, soit une hausse de 4% par rapport \u00e0 l\u2019ann\u00e9e scolaire \u00e9coul\u00e9e.<\/p>\n<p class=\"c1\">Le transport scolaire concerne 20.839 \u00e9l\u00e8ves, qui b\u00e9n\u00e9ficient des services d\u2019un parc de 471 bus scolaires, dont 50 nouveaux v\u00e9hicules.<\/p>\n<p class=\"c1\">A noter que M. El Jamai a proc\u00e9d\u00e9 \u00e9galement, \u00e0 cette occasion, \u00e0 la remise de cartables et de fournitures scolaires dans le cadre de l\u2019initiative royale \u00abUn million de cartables\u00bb, qui b\u00e9n\u00e9ficie, au niveau de la r\u00e9gion de l\u2019Oriental, \u00e0 287.903 \u00e9l\u00e8ves, dont 135.100 filles et 137.523 b\u00e9n\u00e9ficiaires relevant du monde rural.<\/p>\n<p class=\"c1\">En outre, un communiqu\u00e9 de l\u2019AREF souligne que la rentr\u00e9e scolaire 2019-2020 co\u00efncide avec \u00abla mise en application du contenu des discours royaux prononc\u00e9s \u00e0 l\u2019occasion de la F\u00eate du Tr\u00f4ne et de l\u2019anniversaire de la R\u00e9volution du Roi et du Peuple, qui ont plac\u00e9 le syst\u00e8me de l\u2019\u00e9ducation et de la formation au c\u0153ur du mod\u00e8le de d\u00e9veloppement voulu\u00bb.<\/p>\n<p class=\"c1\">L\u2019actuelle rentr\u00e9e s\u2019accompagne aussi de l\u2019adoption de la loi cadre n\u00b051-17 relative au syst\u00e8me de l\u2019\u00e9ducation et de la formation, qui constitue \u00abun cadre contractuel national contraignant pour tous\u00bb, rel\u00e8ve l\u2019AREF.<\/p>\n<p class=\"c1\">Le communiqu\u00e9 note \u00e9galement que cette rentr\u00e9e marque le lancement effectif de la g\u00e9n\u00e9ralisation et du d\u00e9veloppement de l\u2019enseignement pr\u00e9scolaire public, qui concernera cette ann\u00e9e 16.662 enfants au niveau de la r\u00e9gion.<\/p>\n<p class=\"c1\">L\u2019AREF a mobilis\u00e9 \u00e0 cet effet d\u2019importants moyens et conclu plus de 500 partenariats avec des associations actives dans ce domaine, en vue d\u2019assurer la gestion des classes de pr\u00e9scolaire, notamment en ce qui concerne le recrutement des ressources humaines n\u00e9cessaires.<\/p>\n<p>Auteur: Soufiane ELAHMAR<br \/>\n<a href=\"http:\/\/www.mapoujda.ma\/fr\/pres-de-460-000-eleves-rejoignent-les-bancs-de-lecole\/\">Cliquez ici pour lire l&rsquo;article depuis sa source.<\/a><\/p>\n","protected":false},"excerpt":{"rendered":"<p>Un total de 459.429 \u00e9l\u00e8ves ont rejoint les bancs des diff\u00e9rents \u00e9tablissements scolaires publics et priv\u00e9s relevant de la r\u00e9gion de l\u2019Oriental, au titre de la rentr\u00e9e scolaire 2019-2020. Ce nombre comprend quelque 42.196 \u00e9l\u00e8ves inscrits dans les \u00e9tablissements de l\u2019enseignement priv\u00e9 et 138.620 \u00e9l\u00e8ves relevant des \u00e9tablissements scolaires dans le monde rural, selon les [&hellip;]<\/p>\n","protected":false},"author":1788,"featured_media":0,"comment_status":"closed","ping_status":"closed","sticky":false,"template":"","format":"standard","meta":{"fifu_image_url":"","fifu_image_alt":"","footnotes":""},"categories":[54,76],"tags":[],"class_list":["post-61124","post","type-post","status-publish","format-standard","hentry","category-maroc","category-regions"],"_links":{"self":[{"href":"https:\/\/linitiative.ca\/International\/wp-json\/wp\/v2\/posts\/61124","targetHints":{"allow":["GET"]}}],"collection":[{"href":"https:\/\/linitiative.ca\/International\/wp-json\/wp\/v2\/posts"}],"about":[{"href":"https:\/\/linitiative.ca\/International\/wp-json\/wp\/v2\/types\/post"}],"author":[{"embeddable":true,"href":"https:\/\/linitiative.ca\/International\/wp-json\/wp\/v2\/users\/1788"}],"replies":[{"embeddable":true,"href":"https:\/\/linitiative.ca\/International\/wp-json\/wp\/v2\/comments?post=61124"}],"version-history":[{"count":0,"href":"https:\/\/linitiative.ca\/International\/wp-json\/wp\/v2\/posts\/61124\/revisions"}],"wp:attachment":[{"href":"https:\/\/linitiative.ca\/International\/wp-json\/wp\/v2\/media?parent=61124"}],"wp:term":[{"taxonomy":"category","embeddable":true,"href":"https:\/\/linitiative.ca\/International\/wp-json\/wp\/v2\/categories?post=61124"},{"taxonomy":"post_tag","embeddable":true,"href":"https:\/\/linitiative.ca\/International\/wp-json\/wp\/v2\/tags?post=61124"}],"curies":[{"name":"wp","href":"https:\/\/api.w.org\/{rel}","templated":true}]}}