{"id":61143,"date":"2019-09-14T11:11:26","date_gmt":"2019-09-14T15:11:26","guid":{"rendered":"https:\/\/linitiative.ca\/International\/94390-coupe-davis-2019-groupe-iii-afrique-play-offs-5e-6e-places-l-algerie-bat-le-nigeria-2-0\/"},"modified":"2019-09-14T11:11:26","modified_gmt":"2019-09-14T15:11:26","slug":"94390-coupe-davis-2019-groupe-iii-afrique-play-offs-5e-6e-places-l-algerie-bat-le-nigeria-2-0","status":"publish","type":"post","link":"https:\/\/linitiative.ca\/International\/94390-coupe-davis-2019-groupe-iii-afrique-play-offs-5e-6e-places-l-algerie-bat-le-nigeria-2-0\/","title":{"rendered":"Coupe Davis\/ Groupe III Afrique: l&rsquo;Alg\u00e9rie bat le Nigeria 2-0"},"content":{"rendered":"<div>\n<div class=\"K2FeedImage\"><img decoding=\"async\" src=\"http:\/\/www.aps.dz\/media\/k2\/items\/cache\/a59719664df1d85791c7a182eca4b6a0_S.jpg\" alt=\"Coupe Davis\/ Groupe III Afrique: l'Alg\u00e9rie bat le Nigeria 2-0\"><\/div>\n<div class=\"K2FeedIntroText\">\n<p><strong>NAIROBI- L&rsquo;Alg\u00e9rie a battu le Nigeria 2-0 samedi \u00e0 Nairobi (Kenya) en match de classement (5-6e places) de la Coupe Davis 2019- groupe III.<\/strong><\/p>\n<\/div>\n<div class=\"K2FeedFullText\">\n<p>Les Alg\u00e9riens ont remport\u00e9 les deux matchs du simple gr\u00e2ce \u00e0 Samir Hamza Reguig\u00a0 qui a dispos\u00e9 de Paul Etim\u00a0 6-4, 7-5 et Youcef Rihane\u00a0 vaiqneur d&rsquo;Emmanuel Idoko 6-1, 6-4.<\/p>\n<p>Le score final \u00e9tant acquis, le double entre les \u00e9quipes a \u00e9t\u00e9 tout simplement annul\u00e9. A la faveur de ce succ\u00e8s l&rsquo;Alg\u00e9rie reste dans le Groupe III.<\/p>\n<p>L&rsquo;\u00e9quipe alg\u00e9rienne avait remport\u00e9 un match contre le Benin (2-0) et essuy\u00e9 deux d\u00e9faites face respectivement au Kenya (1-2) et Madagascar (0-3) lors de trois journ\u00e9es de la de la Coupe Davis 2019 (Groupe B &#8211; Zone Afrique).<\/p>\n<p>\u00a0<\/p>\n<\/div>\n<p><img loading=\"lazy\" decoding=\"async\" src=\"http:\/\/feeds.feedburner.com\/~r\/aps-sport\/~4\/B1rpiM8wTwM\" height=\"1\" width=\"1\" alt=\"\"><\/div>\n<p>Auteur:<br \/>\n<a href=\"http:\/\/www.aps.dz\/sport\/94390-coupe-davis-2019-groupe-iii-afrique-play-offs-5e-6e-places-l-algerie-bat-le-nigeria-2-0?utm_source=feedburner&#038;utm_medium=feed&#038;utm_campaign=Feed%3A+aps-sport+%28APS+-+SPORT%29\">Cliquez ici pour lire l&rsquo;article depuis sa source.<\/a><\/p>\n","protected":false},"excerpt":{"rendered":"<p>NAIROBI- L&rsquo;Alg\u00e9rie a battu le Nigeria 2-0 samedi \u00e0 Nairobi (Kenya) en match de classement (5-6e places) de la Coupe Davis 2019- groupe III. Les Alg\u00e9riens ont remport\u00e9 les deux matchs du simple gr\u00e2ce \u00e0 Samir Hamza Reguig\u00a0 qui a dispos\u00e9 de Paul Etim\u00a0 6-4, 7-5 et Youcef Rihane\u00a0 vaiqneur d&rsquo;Emmanuel Idoko 6-1, 6-4. Le [&hellip;]<\/p>\n","protected":false},"author":1790,"featured_media":61144,"comment_status":"closed","ping_status":"closed","sticky":false,"template":"","format":"standard","meta":{"fifu_image_url":"","fifu_image_alt":"","footnotes":""},"categories":[53,75],"tags":[],"class_list":["post-61143","post","type-post","status-publish","format-standard","has-post-thumbnail","hentry","category-algerie","category-sport"],"_links":{"self":[{"href":"https:\/\/linitiative.ca\/International\/wp-json\/wp\/v2\/posts\/61143","targetHints":{"allow":["GET"]}}],"collection":[{"href":"https:\/\/linitiative.ca\/International\/wp-json\/wp\/v2\/posts"}],"about":[{"href":"https:\/\/linitiative.ca\/International\/wp-json\/wp\/v2\/types\/post"}],"author":[{"embeddable":true,"href":"https:\/\/linitiative.ca\/International\/wp-json\/wp\/v2\/users\/1790"}],"replies":[{"embeddable":true,"href":"https:\/\/linitiative.ca\/International\/wp-json\/wp\/v2\/comments?post=61143"}],"version-history":[{"count":0,"href":"https:\/\/linitiative.ca\/International\/wp-json\/wp\/v2\/posts\/61143\/revisions"}],"wp:featuredmedia":[{"embeddable":true,"href":"https:\/\/linitiative.ca\/International\/wp-json\/"}],"wp:attachment":[{"href":"https:\/\/linitiative.ca\/International\/wp-json\/wp\/v2\/media?parent=61143"}],"wp:term":[{"taxonomy":"category","embeddable":true,"href":"https:\/\/linitiative.ca\/International\/wp-json\/wp\/v2\/categories?post=61143"},{"taxonomy":"post_tag","embeddable":true,"href":"https:\/\/linitiative.ca\/International\/wp-json\/wp\/v2\/tags?post=61143"}],"curies":[{"name":"wp","href":"https:\/\/api.w.org\/{rel}","templated":true}]}}