{"id":61145,"date":"2019-09-14T11:45:00","date_gmt":"2019-09-14T15:45:00","guid":{"rendered":"https:\/\/linitiative.ca\/International\/apres-les-dernieres-averses-de-pluie-des-repercussions-sur-le-reseau-dassainissement-de-tissemsilt\/"},"modified":"2019-09-14T11:45:00","modified_gmt":"2019-09-14T15:45:00","slug":"apres-les-dernieres-averses-de-pluie-des-repercussions-sur-le-reseau-dassainissement-de-tissemsilt","status":"publish","type":"post","link":"https:\/\/linitiative.ca\/International\/apres-les-dernieres-averses-de-pluie-des-repercussions-sur-le-reseau-dassainissement-de-tissemsilt\/","title":{"rendered":"APRES LES DERNIERES AVERSES DE PLUIE : Des r\u00e9percussions sur le r\u00e9seau d\u2019assainissement  de Tissemsilt"},"content":{"rendered":"<p><br id=\"sep_para_1\" class=\"sep_para access\"\/><\/p>\n<div id=\"para_1\" class=\"para_32988027 resize\">\n<div class=\"photo shadow left\"><a href=\"javascript:void(0)\" rel=\"https:\/\/www.reflexiondz.net\/photo\/art\/grande\/37295651-32988027.jpg?v=1568477644&#038;ibox\" title=\"APRES LES DERNIERES AVERSES DE PLUIE : Des r\u00e9percussions sur le r\u00e9seau d\u2019assainissement de Tissemsilt\"><img decoding=\"async\" class=\"responsive c9\" src=\"https:\/\/www.reflexiondz.net\/photo\/art\/grande\/37295651-32988027.jpg?v=1568477644\" alt=\"APRES LES DERNIERES AVERSES DE PLUIE : Des r\u00e9percussions sur le r\u00e9seau d\u2019assainissement de Tissemsilt\" title=\"APRES LES DERNIERES AVERSES DE PLUIE : Des r\u00e9percussions sur le r\u00e9seau d\u2019assainissement de Tissemsilt\"\/><img decoding=\"async\" class=\"not-responsive\" src=\"https:\/\/www.reflexiondz.net\/photo\/art\/default\/37295651-32988027.jpg?v=1568477646\" alt=\"APRES LES DERNIERES AVERSES DE PLUIE : Des r\u00e9percussions sur le r\u00e9seau d\u2019assainissement de Tissemsilt\" title=\"APRES LES DERNIERES AVERSES DE PLUIE : Des r\u00e9percussions sur le r\u00e9seau d\u2019assainissement de Tissemsilt\"\/><\/a><\/div>\n<div class=\"texte access firstletter\">Il faut signaler que cette contribution pluviom\u00e9trique a peut \u00eatre touch\u00e9 les r\u00e9serves en eau retenues par les ouvrages hydriques de la wilaya, en contrepartie, la saison hivernale qui commence d\u00e9j\u00e0 \u00e0 pointer le nez et malgr\u00e9 le lancement de plusieurs projets d\u2019am\u00e9lioration urbaine, on se demande si nos responsables et les services concern\u00e9s ont d\u00e9j\u00e0 song\u00e9 \u00e0 se pr\u00e9parer pour les r\u00e9percussions des pluies, visiblement c\u2019est non, avec les derni\u00e8res averses, l\u2019office national de l\u2019assainissement, la mairie de Tissemsilt et les autres services concern\u00e9s par l\u2019assainissement avaient du pain sur la planche et si eux qualifient la situation jusque l\u00e0 de normal, les nouvelles s\u00e9quelles de la boue un peu partout avec le d\u00e9bordement des \u00e9gouts notamment dans les blocs de la basse ville,\u00a0 c\u2019est la furie des crues, \u00e0 d\u00e9faut de curage des avaloirs, \u00e0 chaque fois, il a suffit de moins d\u2019une heure d\u2019averses pour que la ville sombre dans les flaques d\u2019eau et les bourbiers et si le r\u00e9seau d\u2019assainissement de la ville couvre la plupart des quartiers, il n\u2019en est pas de m\u00eame pour le r\u00e9seau des \u00e9vacuations des eaux pluviales et ce, malgr\u00e9 l\u2019ach\u00e8vement des op\u00e9rations de lifting de la ville ce qui provoque \u00e0 chaque fois de grands d\u00e9sagr\u00e9ments et des ralentissements pr\u00e9judiciables des programmes d\u2019am\u00e9lioration urbaine. Ce constat a \u00e9t\u00e9 malheureusement fait lors des trois derniers jours o\u00f9 une grande partie de la ville s\u2019est noy\u00e9e aux moindres averses. Une petite enqu\u00eate nous a fait d\u00e9couvrir que le dysfonctionnement ne se limite pas sur un seul point d\u2019o\u00f9 il est urgent de commencer d\u00e8s lors par certaines op\u00e9rations de curage des \u00e9gouts et autres avaloirs qui tardent toujours \u00e0 se faire avant la saison des pluies et \u00e0 grande \u00e9chelle et envisager d\u2019accro\u00eetre le nombre des avaloirs notamment dans la partie haute de la ville afin de diminuer les crues et le ruissellement quantitatif des eaux pluviales sur la partie basse et pr\u00e9server le visage urbain de la ville de Tissemsilt.\u00a0\u00a0\u00a0\u00a0\u00a0\u00a0\u00a0<\/div>\n<\/div>\n<p>Auteur: A.Ould El Hadri<br \/>\n<a href=\"https:\/\/www.reflexiondz.net\/APRES-LES-DERNIERES-AVERSES-DE-PLUIE-Des-repercussions-sur-le-reseau-d-assainissement-de-Tissemsilt_a57600.html\">Cliquez ici pour lire l&rsquo;article depuis sa source.<\/a><\/p>\n","protected":false},"excerpt":{"rendered":"<p>Il faut signaler que cette contribution pluviom\u00e9trique a peut \u00eatre touch\u00e9 les r\u00e9serves en eau retenues par les ouvrages hydriques de la wilaya, en contrepartie, la saison hivernale qui commence d\u00e9j\u00e0 \u00e0 pointer le nez et malgr\u00e9 le lancement de plusieurs projets d\u2019am\u00e9lioration urbaine, on se demande si nos responsables et les services concern\u00e9s ont [&hellip;]<\/p>\n","protected":false},"author":1740,"featured_media":0,"comment_status":"closed","ping_status":"closed","sticky":false,"template":"","format":"standard","meta":{"fifu_image_url":"","fifu_image_alt":"","footnotes":""},"categories":[53,76],"tags":[],"class_list":["post-61145","post","type-post","status-publish","format-standard","hentry","category-algerie","category-regions"],"_links":{"self":[{"href":"https:\/\/linitiative.ca\/International\/wp-json\/wp\/v2\/posts\/61145","targetHints":{"allow":["GET"]}}],"collection":[{"href":"https:\/\/linitiative.ca\/International\/wp-json\/wp\/v2\/posts"}],"about":[{"href":"https:\/\/linitiative.ca\/International\/wp-json\/wp\/v2\/types\/post"}],"author":[{"embeddable":true,"href":"https:\/\/linitiative.ca\/International\/wp-json\/wp\/v2\/users\/1740"}],"replies":[{"embeddable":true,"href":"https:\/\/linitiative.ca\/International\/wp-json\/wp\/v2\/comments?post=61145"}],"version-history":[{"count":0,"href":"https:\/\/linitiative.ca\/International\/wp-json\/wp\/v2\/posts\/61145\/revisions"}],"wp:attachment":[{"href":"https:\/\/linitiative.ca\/International\/wp-json\/wp\/v2\/media?parent=61145"}],"wp:term":[{"taxonomy":"category","embeddable":true,"href":"https:\/\/linitiative.ca\/International\/wp-json\/wp\/v2\/categories?post=61145"},{"taxonomy":"post_tag","embeddable":true,"href":"https:\/\/linitiative.ca\/International\/wp-json\/wp\/v2\/tags?post=61145"}],"curies":[{"name":"wp","href":"https:\/\/api.w.org\/{rel}","templated":true}]}}