{"id":61146,"date":"2019-09-14T11:53:00","date_gmt":"2019-09-14T15:53:00","guid":{"rendered":"https:\/\/linitiative.ca\/International\/lautorite-des-elections-reflete-t-elle-les-articles-de-la-constitution\/"},"modified":"2019-09-14T11:53:00","modified_gmt":"2019-09-14T15:53:00","slug":"lautorite-des-elections-reflete-t-elle-les-articles-de-la-constitution","status":"publish","type":"post","link":"https:\/\/linitiative.ca\/International\/lautorite-des-elections-reflete-t-elle-les-articles-de-la-constitution\/","title":{"rendered":"L\u2019autorit\u00e9 des \u00e9lections refl\u00e8te-t-elle les articles de la Constitution ?"},"content":{"rendered":"<p><br id=\"sep_para_1\" class=\"sep_para access\"\/><\/p>\n<div id=\"para_1\" class=\"para_32988095 resize\">\n<div class=\"texte access firstletter\">Le ministre de la justice , Garde des Sceaux, M.Belkacem Zeghmati a d\u00e9clar\u00e9, devant les d\u00e9but\u00e9s de la chambre basse du parlement, lors d\u2019une s\u00e9ance pl\u00e9ni\u00e8re consacr\u00e9e au projet de loi organique relatif \u00e0 l\u2019autorit\u00e9 nationale ind\u00e9pendante des \u00e9lections et le projet de loi organique relatif au r\u00e9gime \u00e9lectoral, que les articles 7 et 8 de la constitution, une des revendications majeures du mouvement populaire, sont les fondements juridiques de la nouvelle autorit\u00e9 \u00e9lectorale. Le projet de loi organique relatif \u00e0 l\u2019Autorit\u00e9 nationale ind\u00e9pendante des \u00e9lections pr\u00e9voit le transfert \u201cde toutes les pr\u00e9rogatives des autorit\u00e9s publiques, \u00e0 savoir administratives en mati\u00e8re \u00e9lectorale, \u00e0 l\u2019autorit\u00e9 ind\u00e9pendante en charge des \u00e9lections\u00bb. Celle-ci aura le statut de personne morale et l\u2019autonomie administrative et financi\u00e8re aura pour mission d\u2019organiser, de surveiller le processus \u00e9lectoral et de superviser toutes ses \u00e9tapes, depuis la convocation du corps \u00e9lectoral jusqu\u2019\u00e0 l\u2019annonce des r\u00e9sultats pr\u00e9liminaires\u201d.<\/div>\n<\/div>\n<p>Auteur: R\u00e9flexion<br \/>\n<a href=\"https:\/\/www.reflexiondz.net\/L-autorite-des-elections-reflete-t-elle-les-articles-de-la-Constitution_a57615.html\">Cliquez ici pour lire l&rsquo;article depuis sa source.<\/a><\/p>\n","protected":false},"excerpt":{"rendered":"<p>Le ministre de la justice , Garde des Sceaux, M.Belkacem Zeghmati a d\u00e9clar\u00e9, devant les d\u00e9but\u00e9s de la chambre basse du parlement, lors d\u2019une s\u00e9ance pl\u00e9ni\u00e8re consacr\u00e9e au projet de loi organique relatif \u00e0 l\u2019autorit\u00e9 nationale ind\u00e9pendante des \u00e9lections et le projet de loi organique relatif au r\u00e9gime \u00e9lectoral, que les articles 7 et 8 [&hellip;]<\/p>\n","protected":false},"author":1740,"featured_media":0,"comment_status":"closed","ping_status":"closed","sticky":false,"template":"","format":"standard","meta":{"fifu_image_url":"","fifu_image_alt":"","footnotes":""},"categories":[53,76],"tags":[],"class_list":["post-61146","post","type-post","status-publish","format-standard","hentry","category-algerie","category-regions"],"_links":{"self":[{"href":"https:\/\/linitiative.ca\/International\/wp-json\/wp\/v2\/posts\/61146","targetHints":{"allow":["GET"]}}],"collection":[{"href":"https:\/\/linitiative.ca\/International\/wp-json\/wp\/v2\/posts"}],"about":[{"href":"https:\/\/linitiative.ca\/International\/wp-json\/wp\/v2\/types\/post"}],"author":[{"embeddable":true,"href":"https:\/\/linitiative.ca\/International\/wp-json\/wp\/v2\/users\/1740"}],"replies":[{"embeddable":true,"href":"https:\/\/linitiative.ca\/International\/wp-json\/wp\/v2\/comments?post=61146"}],"version-history":[{"count":0,"href":"https:\/\/linitiative.ca\/International\/wp-json\/wp\/v2\/posts\/61146\/revisions"}],"wp:attachment":[{"href":"https:\/\/linitiative.ca\/International\/wp-json\/wp\/v2\/media?parent=61146"}],"wp:term":[{"taxonomy":"category","embeddable":true,"href":"https:\/\/linitiative.ca\/International\/wp-json\/wp\/v2\/categories?post=61146"},{"taxonomy":"post_tag","embeddable":true,"href":"https:\/\/linitiative.ca\/International\/wp-json\/wp\/v2\/tags?post=61146"}],"curies":[{"name":"wp","href":"https:\/\/api.w.org\/{rel}","templated":true}]}}