{"id":61159,"date":"2019-09-14T05:30:00","date_gmt":"2019-09-14T09:30:00","guid":{"rendered":"https:\/\/linitiative.ca\/International\/mohamed-el-jazi-le-nattier-de-nabeul\/"},"modified":"2019-09-14T05:30:00","modified_gmt":"2019-09-14T09:30:00","slug":"mohamed-el-jazi-le-nattier-de-nabeul","status":"publish","type":"post","link":"https:\/\/linitiative.ca\/International\/mohamed-el-jazi-le-nattier-de-nabeul\/","title":{"rendered":"Mohamed El Jazi: Le nattier de Nabeul"},"content":{"rendered":"<p><span class=\"c2\">Perp\u00e9tuer une longue tradition familiale de ma\u00eetre nattier \u00e0 Nabeul est un devoir pour les jeunes, appris d\u00e8s leur enfance. Pour Mohamed El Jazi, la vingtaine \u00e0 peine, c\u2019est une vocation, doubl\u00e9e d\u2019une grande passion. Ne porte-t-il pas le pr\u00e9nom de son illustre grand-p\u00e8re, Mohamed El Jazi, proclam\u00e9 le 25 mars 1958, par le tout naissant Etat ind\u00e9pendant, laur\u00e9at du \u00abDipl\u00f4me du Meilleur artisan de la R\u00e9publique tunisienne, section Sparterie\u00bb. Portant encore les armoiries beylicales, le dipl\u00f4me qui lui avait \u00e9t\u00e9 d\u00e9cern\u00e9 \u00absur proposition du jury\u00bb est sign\u00e9 par le secr\u00e9taire d\u2019Etat au Commerce et \u00e0 l\u2019Industrie dans le premier gouvernement Bourguiba (1956-1961), qui n\u2019\u00e9tait autre que feu Ezzedine Abassi\u2026<\/span><\/p>\n<p>Chez les El Jazi, on conna\u00eet l\u2019illustre pharmacien, Si Radhi, l\u2019\u00e9minent juriste et ministre d\u2019exception, feu Si Dali, on d\u00e9couvre le ma\u00eetre-artisan nattier, feu Si Mohamed. Une lign\u00e9e d\u2019excellence.<\/p>\n<p>Contrairement aux autres nattiers rassembl\u00e9s dans une rue qui porte leur nom, dans les faubourgs, au c\u0153ur du quartier le Rbat, dans des ateliers avoisinant leurs maisons, ou \u00e0 domicile, le grand-p\u00e8re Mohamed El Jazi pr\u00e9f\u00e8rera s\u2019installer en plein centre-ville. Avenue H\u00e9di-Chaker, au croisement de la rue de Marbella (l\u2019in\u00e9galable restaurant Bon Kif), il ouvrira son atelier. Lui aussi, non loin de l\u2019appartement qu\u2019habitera la famille.<\/p>\n<p><img decoding=\"async\" src=\"\/uploads\/FCK_files\/Mohamed-Jazi-moy.jpg\" alt=\"\" width=\"100%\" vspace=\"5\" hspace=\"5\" align=\"middle\"\/><\/p>\n<p>A son d\u00e9c\u00e8s, c\u2019est son fils Jamel qui prendra la rel\u00e8ve. Passionn\u00e9, cr\u00e9atif, disponible, il \u00e9tait sans cesse \u00e0 l\u2019ouvrage courb\u00e9 sur son m\u00e9tier horizontal de 80 cm de largeur, la longueur moyenne des tiges de jonc.\u00a0\u00a0<\/p>\n<h2>Perp\u00e9tuer et innover<\/h2>\n<p>Jamel nous a quitt\u00e9s il y a quelques mois. Son fils a\u00een\u00e9, Mohamed, est inscrit en formation de m\u00e9canique navale \u00e0 K\u00e9libia. Il fallait rouvrir l\u2019atelier et prendre la suite de son p\u00e8re. D\u00e8s les premiers jours de vacances estivales, il s\u2019y mettra, au m\u00eame endroit o\u00f9 s\u2019asseyaient son grand-p\u00e8re, puis son p\u00e8re. Alors que les jeunes de son \u00e2ge se ruent vers la merveilleuse plage de Nabeul toute proche et s\u2019abreuvent des plaisirs de la vie au Cap Bon, si bons, Mohamed se consacre \u00e0 sa mission : perp\u00e9tuer et innover.<\/p>\n<p>Mohamed El Jazi n\u2019est pas dans les hsorr traditionnels, ces nattes utilis\u00e9es en couverture de parquet dans les mosqu\u00e9es, les h\u00f4tels et les maisons, ou tapissant caf\u00e9s maures et restaurants traditionnels. Il est surtout dans les couffins rectangulaires en nattes, surmont\u00e9s de cuir, les sets de table, les cartables et autres articles. A lui de revisiter les anciennes d\u00e9corations, d\u2019inventer de nouveaux produits et de cr\u00e9er un design moderne attractif.<\/p>\n<h2>Un vrai m\u00e9tier cr\u00e9atif<\/h2>\n<p>A la base, ce sont les tiges de jonc, smar, cueillies au d\u00e9but de l\u2019\u00e9t\u00e9 pr\u00e8s des oueds et zones humides du Cap Bon. Il faut les calibrer par taille, les r\u00e9partir par couleur, essentiellement paille, les laisser s\u00e9cher \u00e0 l\u2019ombre dans des endroits couverts et humides. Puis intervient la coloration des joncs d\u2019ornement, en noir (olive) vert, rouge ou autres. C\u2019est d\u00e9j\u00e0 beaucoup de savoir-faire, un vrai m\u00e9tier.<\/p>\n<p>Le fil de chanvre plus fin de l\u2019alfa servira \u00e0 \u00e9tablir la trame devant constituer la structure des nattes. Puis intervient le tissage, agr\u00e9ment\u00e9 du design choisi, d\u2019inscriptions personnalis\u00e9es et autres fantaisies. Une fois le m\u00e9trage n\u00e9cessaire r\u00e9alis\u00e9, on passe \u00e0 la confection. Mohamed El Jazi, impr\u00e9gn\u00e9 de l\u2019art de ses a\u00efeuls, laisse libre cours \u00e0 son talent et \u00e0 son imagination. Sous ses mains habiles, chaque pi\u00e8ce est unique en son genre, de sa propre conception. Sauf si on lui demande un mod\u00e8le bien pr\u00e9cis.<\/p>\n<h2>Des Mohamed El Jazi, la Tunisie en a besoin<\/h2>\n<p>Heureux ! Sans doute ! Au moins il est tranquille, dans ce lieu charg\u00e9 d\u2019histoire familiale, s\u2019adonnant au m\u00e9tier de ses anc\u00eatres, y ajoutant sa propre empreinte.<br \/>Combien de nattiers comme lui restent-ils \u00e0 Nabeul ? Tr\u00e8s peu. Malgr\u00e9 une forte demande en Tunisie, mais aussi de l\u2019\u00e9tranger, notamment l\u2019Alg\u00e9rie, le m\u00e9tier n\u2019est plus ni attractif ni lucratif. Aucune formation sp\u00e9cifique n\u2019y est r\u00e9serv\u00e9e, aucun soutien financier particulier et aucune reconnaissance en r\u00e9compense. Bourguiba l\u2019avait fait il y a plus de soixante ans, en 1958. Ses successeurs et leurs ministres en charge de l\u2019artisanat omettent de le suivre.<\/p>\n<p class=\"c3\"><img decoding=\"async\" src=\"\/uploads\/FCK_files\/20190709_175028.jpg\" alt=\"\" width=\"100%\" vspace=\"5\" hspace=\"5\" align=\"middle\"\/><\/p>\n<p>Malgr\u00e9 tout, Mohamed El Jazi garde la foi. Lorsqu\u2019il l\u00e8ve les yeux de son m\u00e9tier, install\u00e9 \u00e0 m\u00eame le sol, au milieu des tiges de jonc, son regard affectueux se pose sur le dipl\u00f4me octroy\u00e9 \u00e0 son grand-p\u00e8re. Il y puise un motif d\u2019encouragement. De tant de Mohamed El Jazi, la Tunisie a aujourd\u2019hui grandement besoin.<\/p>\n<p class=\"c3\"><strong><a href=\"https:\/\/www.leaders.com.tn\/le_mensuel_abonnez_vous\"><img loading=\"lazy\" decoding=\"async\" src=\"\/uploads\/FCK_files\/Bandeau-Leaders-1-copie(21).jpg\" alt=\"\" width=\"500\" vspace=\"5\" hspace=\"5\" height=\"128\" align=\"middle\"\/><\/a><\/strong><\/p>\n<p>Auteur:<br \/>\n<a href=\"https:\/\/www.leaders.com.tn\/article\/27954-mohamed-el-jazi-le-nattier-de-nabeul\">Cliquez ici pour lire l&rsquo;article depuis sa source.<\/a><\/p>\n","protected":false},"excerpt":{"rendered":"<p>Perp\u00e9tuer une longue tradition familiale de ma\u00eetre nattier \u00e0 Nabeul est un devoir pour les jeunes, appris d\u00e8s leur enfance. Pour Mohamed El Jazi, la vingtaine \u00e0 peine, c\u2019est une vocation, doubl\u00e9e d\u2019une grande passion. Ne porte-t-il pas le pr\u00e9nom de son illustre grand-p\u00e8re, Mohamed El Jazi, proclam\u00e9 le 25 mars 1958, par le tout [&hellip;]<\/p>\n","protected":false},"author":1772,"featured_media":61160,"comment_status":"closed","ping_status":"closed","sticky":false,"template":"","format":"standard","meta":{"fifu_image_url":"","fifu_image_alt":"","footnotes":""},"categories":[73,55],"tags":[],"class_list":["post-61159","post","type-post","status-publish","format-standard","has-post-thumbnail","hentry","category-actualite","category-tunisie"],"_links":{"self":[{"href":"https:\/\/linitiative.ca\/International\/wp-json\/wp\/v2\/posts\/61159","targetHints":{"allow":["GET"]}}],"collection":[{"href":"https:\/\/linitiative.ca\/International\/wp-json\/wp\/v2\/posts"}],"about":[{"href":"https:\/\/linitiative.ca\/International\/wp-json\/wp\/v2\/types\/post"}],"author":[{"embeddable":true,"href":"https:\/\/linitiative.ca\/International\/wp-json\/wp\/v2\/users\/1772"}],"replies":[{"embeddable":true,"href":"https:\/\/linitiative.ca\/International\/wp-json\/wp\/v2\/comments?post=61159"}],"version-history":[{"count":0,"href":"https:\/\/linitiative.ca\/International\/wp-json\/wp\/v2\/posts\/61159\/revisions"}],"wp:featuredmedia":[{"embeddable":true,"href":"https:\/\/linitiative.ca\/International\/wp-json\/"}],"wp:attachment":[{"href":"https:\/\/linitiative.ca\/International\/wp-json\/wp\/v2\/media?parent=61159"}],"wp:term":[{"taxonomy":"category","embeddable":true,"href":"https:\/\/linitiative.ca\/International\/wp-json\/wp\/v2\/categories?post=61159"},{"taxonomy":"post_tag","embeddable":true,"href":"https:\/\/linitiative.ca\/International\/wp-json\/wp\/v2\/tags?post=61159"}],"curies":[{"name":"wp","href":"https:\/\/api.w.org\/{rel}","templated":true}]}}