{"id":61170,"date":"2019-09-14T11:30:58","date_gmt":"2019-09-14T15:30:58","guid":{"rendered":"https:\/\/linitiative.ca\/International\/mezzouar-la-2eme-edition-de-luniversite-dete-est-un-succes\/"},"modified":"2019-09-14T11:30:58","modified_gmt":"2019-09-14T15:30:58","slug":"mezzouar-la-2eme-edition-de-luniversite-dete-est-un-succes","status":"publish","type":"post","link":"https:\/\/linitiative.ca\/International\/mezzouar-la-2eme-edition-de-luniversite-dete-est-un-succes\/","title":{"rendered":"Mezzouar:\u00ab La 2\u00e8me \u00e9dition de l\u2019Universit\u00e9 d\u2019\u00e9t\u00e9 est un succ\u00e8s \u00bb"},"content":{"rendered":"<p>La deuxi\u00e8me \u00e9dition de l\u2019Universit\u00e9 d\u2019\u00e9t\u00e9 de la CGEM a baiss\u00e9 le rideau ce 14 septembre \u00e0 Casablanca.<\/p>\n<div class=\"c10\"\/>\n<p>Apr\u00e8s une intense premi\u00e8re journ\u00e9e marqu\u00e9e par les interventions de plusieurs personnalit\u00e9s de haut calibre, cette seconde journ\u00e9e n\u2019a pas non plus d\u00e9rog\u00e9 \u00e0 la r\u00e8gle. Un parterre de personnalit\u00e9s du monde des affaires, de la politique ou encore de la soci\u00e9t\u00e9 civile se sont succ\u00e9d\u00e9s sur sc\u00e8ne. C\u2019est le <strong>Chef du gouvernement<\/strong>, Sa\u00e2d-Eddine El Otmani, qui \u00e9tait l\u2019invit\u00e9 de marque de cette derni\u00e8re journ\u00e9e. Il a ainsi, dans son intervention, confirm\u00e9 les engagements pris par certains de ses ministres lors des discussions en marge de cette 2<sup>\u00e8me<\/sup> \u00e9dition.<\/p>\n<p>\u00ab\u00a0Les engagements pris par mes ministres sont \u00e9galement mes engagements\u00a0\u00bb, a-t-il soutenu. Il a notamment assur\u00e9 que le gouvernement est pleinement engag\u00e9 pour soutenir l\u2019<strong>entreprise marocaine<\/strong> et l\u2019entrepreneuriat. De son c\u00f4t\u00e9, Salaheddine Mezzouar, pr\u00e9sident de la CGEM, a mis en exergue plusieurs points cl\u00e9s dans son message de cl\u00f4ture.<\/p>\n<p>\u00ab\u00a0Nous sommes en train d\u2019installer quelque chose d\u2019incontournable \u00e0 travers cette rencontre annuelle\u00a0\u00bb, a-t-il fait remarquer. \u00a0Il a aussi soulign\u00e9 que le Maroc ne peut pas \u00eatre spectateur de ce qui se passe dans le monde. \u00ab\u00a0Le secteur priv\u00e9 doit \u00eatre un acteur engag\u00e9, responsable. La <strong>CGEM<\/strong> ne peut plus \u00eatre un simple syndicat du secteur priv\u00e9, mais doit \u00eatre un \u00e9l\u00e9ment important de cette <strong>dynamique<\/strong> que nous voulons cr\u00e9er. Nous devons voir comment nous, en tant qu\u2019op\u00e9rateurs priv\u00e9s, pouvons accompagner l\u2019Etat\u00a0\u00bb, a-t-il d\u00e9clar\u00e9.\u00a0 Pour lui, l\u2019Etat ne peut plus faire ce qu\u2019il est cens\u00e9 faire vis-\u00e0-vis de la soci\u00e9t\u00e9, car n\u2019ayant plus toutes les cartes en main.<\/p>\n<p>\u00ab\u00a0Cela constitue donc une raison pour chercher \u00e0 s\u2019appuyer sur les autres forces de la soci\u00e9t\u00e9 parmi lesquelles le secteur priv\u00e9. Nous sommes face \u00e0 des situations qui doivent engendrer des <strong>changements comportementaux.<\/strong> L\u2019Etat doit faire sa mue pour avancer sur plusieurs chantiers\u00a0\u00bb, a-t-il estim\u00e9, appelant les pouvoirs publics \u00e0 comprendre qu\u2019ils ont un autre r\u00f4le aujourd\u2019hui. \u00ab\u00a0Il y a peut-\u00eatre des ruptures \u00e0 op\u00e9rer dans le domaine de l\u2019<strong>\u00e9ducation<\/strong>. Mais, ces ruptures ne pourront pas se faire uniquement par le minist\u00e8re de tutelle\u00a0\u00bb, a-f-il soutenu en ce qui concerne la r\u00e9forme du syst\u00e8me \u00e9ducatif.<\/p>\n<p>\u00ab\u00a0Ce qui manque, c\u2019est comment cr\u00e9er de la coh\u00e9rence dans tout ce que nous avons pu faire. Ce que nous pr\u00e9conisons, c\u2019est un message de confiance fort pour notre soci\u00e9t\u00e9\u00a0\u00bb, a poursuivi Salaheddine Mezzouar. Il a \u00e9galement appel\u00e9 les <strong>partenaires sociaux<\/strong> \u00e0 un dialogue franc. \u00ab\u00a0Cette deuxi\u00e8me \u00e9dition de l\u2019Universit\u00e9 d\u2019\u00e9t\u00e9 est une r\u00e9ussite\u00a0\u00bb, a-t-il assur\u00e9.<\/p>\n<p>Soulignons que cette deuxi\u00e8me \u00e9dition a \u00e9t\u00e9 marqu\u00e9e par la signature de trois \u00a0conventions entre la CGEM et ses partenaires. Le premier accord a \u00e9t\u00e9 sign\u00e9 avec le d\u00e9partement de l\u2019Education et de la formation professionnelle et porte sur la mise en place et la gestion de l\u2019institut de formation \u00e0 l\u2019entrepreneuriat et aux middle management. Les deux autres conventions ont respectivement \u00e9t\u00e9 sign\u00e9es avec AfroChampions, une structure r\u00e9gionale en Afrique subsaharienne, ( bas\u00e9e au Ghana) et le patronat s\u00e9n\u00e9galais.<\/p>\n<div class=\"c17\">\n<fieldset class=\"c16\">\n<legend><strong><span class=\"c11\">Challenge<\/span><span class=\"c12\">news<\/span><\/strong><\/legend>\n<div class=\"c15\">Le meilleur de la r\u00e9daction s\u00e9lectionn\u00e9 par Challenge :<\/p>\n<\/div>\n<\/fieldset>\n<\/div>\n<p>Auteur: Roland Amoussou<br \/>\n<a href=\"https:\/\/www.challenge.ma\/mezzouar-la-2eme-edition-de-luniversite-dete-est-un-succes-117332\/\">Cliquez ici pour lire l&rsquo;article depuis sa source.<\/a><\/p>\n","protected":false},"excerpt":{"rendered":"<p>La deuxi\u00e8me \u00e9dition de l\u2019Universit\u00e9 d\u2019\u00e9t\u00e9 de la CGEM a baiss\u00e9 le rideau ce 14 septembre \u00e0 Casablanca. Apr\u00e8s une intense premi\u00e8re journ\u00e9e marqu\u00e9e par les interventions de plusieurs personnalit\u00e9s de haut calibre, cette seconde journ\u00e9e n\u2019a pas non plus d\u00e9rog\u00e9 \u00e0 la r\u00e8gle. Un parterre de personnalit\u00e9s du monde des affaires, de la politique [&hellip;]<\/p>\n","protected":false},"author":1787,"featured_media":0,"comment_status":"closed","ping_status":"closed","sticky":false,"template":"","format":"standard","meta":{"fifu_image_url":"","fifu_image_alt":"","footnotes":""},"categories":[78,54],"tags":[],"class_list":["post-61170","post","type-post","status-publish","format-standard","hentry","category-economie","category-maroc"],"_links":{"self":[{"href":"https:\/\/linitiative.ca\/International\/wp-json\/wp\/v2\/posts\/61170","targetHints":{"allow":["GET"]}}],"collection":[{"href":"https:\/\/linitiative.ca\/International\/wp-json\/wp\/v2\/posts"}],"about":[{"href":"https:\/\/linitiative.ca\/International\/wp-json\/wp\/v2\/types\/post"}],"author":[{"embeddable":true,"href":"https:\/\/linitiative.ca\/International\/wp-json\/wp\/v2\/users\/1787"}],"replies":[{"embeddable":true,"href":"https:\/\/linitiative.ca\/International\/wp-json\/wp\/v2\/comments?post=61170"}],"version-history":[{"count":0,"href":"https:\/\/linitiative.ca\/International\/wp-json\/wp\/v2\/posts\/61170\/revisions"}],"wp:attachment":[{"href":"https:\/\/linitiative.ca\/International\/wp-json\/wp\/v2\/media?parent=61170"}],"wp:term":[{"taxonomy":"category","embeddable":true,"href":"https:\/\/linitiative.ca\/International\/wp-json\/wp\/v2\/categories?post=61170"},{"taxonomy":"post_tag","embeddable":true,"href":"https:\/\/linitiative.ca\/International\/wp-json\/wp\/v2\/tags?post=61170"}],"curies":[{"name":"wp","href":"https:\/\/api.w.org\/{rel}","templated":true}]}}