{"id":61194,"date":"2019-09-15T13:04:05","date_gmt":"2019-09-15T17:04:05","guid":{"rendered":"https:\/\/linitiative.ca\/International\/oran-plaidoyer-pour-la-promulgation-dune-loi-permettant-lacquisition-de-tableaux\/"},"modified":"2019-09-15T13:04:05","modified_gmt":"2019-09-15T17:04:05","slug":"oran-plaidoyer-pour-la-promulgation-dune-loi-permettant-lacquisition-de-tableaux","status":"publish","type":"post","link":"https:\/\/linitiative.ca\/International\/oran-plaidoyer-pour-la-promulgation-dune-loi-permettant-lacquisition-de-tableaux\/","title":{"rendered":"Oran : plaidoyer pour la promulgation d\u2019une loi permettant l\u2019acquisition de tableaux"},"content":{"rendered":"<div>\n<div class=\"K2FeedImage\"><img decoding=\"async\" src=\"http:\/\/www.aps.dz\/media\/k2\/items\/cache\/7aa396b8e42740f2d2ba0db5f2b9b923_S.jpg\" alt=\"Oran : plaidoyer pour la promulgation d\u2019une loi permettant l\u2019acquisition de tableaux\"><\/div>\n<div class=\"K2FeedIntroText\">\n<p><strong>ORAN- Des artistes plasticiens ont appel\u00e9 samedi \u00e0 Oran, \u00e0 la n\u00e9cessit\u00e9 d\u2019activer la loi sur l\u2019acquisition des \u0153uvres d\u2019arts plastiques et \u00e0 la cr\u00e9ation de galeries pour mettre en place un march\u00e9 permanent des arts plastiques.<\/strong><\/p>\n<\/div>\n<div class=\"K2FeedFullText\">\n<p>Le chef du bureau d\u2019Oran de l\u2019Union nationale des arts culturels (UNAC), Abdelhafidh Boualem, a mis l\u2019accent lors d\u2019une rencontre r\u00e9gionale sur<em><strong> \u00ab\u00a0la situation et la place de l\u2019art et de l\u2019artiste plasticien\u00a0\u00bb<\/strong><\/em>, sur\u00a0l\u2019importance d\u2019activer la commission comp\u00e9tente d\u2019achat des \u0153uvres artistiques au niveau du minist\u00e8re de la culture afin de permettre permettant aux mus\u00e9es d\u2019acqu\u00e9rir des \u0153uvres d\u2019art et enrichir leurs fonds.<\/p>\n<p>Des intervenants, venus de diff\u00e9rentes r\u00e9gions de l\u2019ouest du pays, ont propos\u00e9 \u00e0 ce que chaque entreprise publique ou priv\u00e9e consacre un budget pour l\u2019acquisition de tableaux d\u2019art comme ils ont pr\u00e9conis\u00e9 leur implication dans la conception de projets de construction notamment pour ce qui est de la d\u00e9coration et l\u2019\u00e9laboration d\u2019une loi permettant au peintre de vendre ses \u0153uvres \u00e0 l\u2019\u00e9tranger.<\/p>\n<p>L\u2019assistance a \u00e9galement appel\u00e9 \u00e0 la cr\u00e9ation de galeries d\u2019exposition pour faire la promotion des \u0153uvres d\u2019art, la mise en place d\u2019un march\u00e9 d\u2019art et l\u2019organisation d\u2019ateliers et de rencontre d\u2019artistes pour\u00a0contribuer \u00e0 la promotion de cet art. Dans ce cadre, le chef du bureau de wilaya de l\u2019UNAC a d\u00e9plor\u00e9 l\u2019absence de galeries d\u2019art.<\/p>\n<p>Une plateforme des propositions formul\u00e9es par les artistes plasticiens, pr\u00e9sents \u00e0 cette rencontre organis\u00e9e par le bureau de wilaya de l\u2019UNAC, sera \u00e9labor\u00e9e et transmises aux responsables concern\u00e9s, a annonc\u00e9 Abdelhafidh Boualem.<\/p>\n<p>Des rencontres similaires sont pr\u00e9vues avec des cin\u00e9astes et hommes de th\u00e9\u00e2tre, a-t-on indiqu\u00e9.<\/p>\n<p>\u00a0<\/p>\n<\/div>\n<\/div>\n<p>Auteur:<br \/>\n<a href=\"http:\/\/www.aps.dz\/culture\/94402-oran-plaidoyer-pour-la-promulgation-d-une-loi-permettant-l-acquisition-de-tableaux\">Cliquez ici pour lire l&rsquo;article depuis sa source.<\/a><\/p>\n","protected":false},"excerpt":{"rendered":"<p>ORAN- Des artistes plasticiens ont appel\u00e9 samedi \u00e0 Oran, \u00e0 la n\u00e9cessit\u00e9 d\u2019activer la loi sur l\u2019acquisition des \u0153uvres d\u2019arts plastiques et \u00e0 la cr\u00e9ation de galeries pour mettre en place un march\u00e9 permanent des arts plastiques. Le chef du bureau d\u2019Oran de l\u2019Union nationale des arts culturels (UNAC), Abdelhafidh Boualem, a mis l\u2019accent lors [&hellip;]<\/p>\n","protected":false},"author":1790,"featured_media":61195,"comment_status":"closed","ping_status":"closed","sticky":false,"template":"","format":"standard","meta":{"fifu_image_url":"","fifu_image_alt":"","footnotes":""},"categories":[53,79],"tags":[],"class_list":["post-61194","post","type-post","status-publish","format-standard","has-post-thumbnail","hentry","category-algerie","category-culture"],"_links":{"self":[{"href":"https:\/\/linitiative.ca\/International\/wp-json\/wp\/v2\/posts\/61194","targetHints":{"allow":["GET"]}}],"collection":[{"href":"https:\/\/linitiative.ca\/International\/wp-json\/wp\/v2\/posts"}],"about":[{"href":"https:\/\/linitiative.ca\/International\/wp-json\/wp\/v2\/types\/post"}],"author":[{"embeddable":true,"href":"https:\/\/linitiative.ca\/International\/wp-json\/wp\/v2\/users\/1790"}],"replies":[{"embeddable":true,"href":"https:\/\/linitiative.ca\/International\/wp-json\/wp\/v2\/comments?post=61194"}],"version-history":[{"count":0,"href":"https:\/\/linitiative.ca\/International\/wp-json\/wp\/v2\/posts\/61194\/revisions"}],"wp:featuredmedia":[{"embeddable":true,"href":"https:\/\/linitiative.ca\/International\/wp-json\/"}],"wp:attachment":[{"href":"https:\/\/linitiative.ca\/International\/wp-json\/wp\/v2\/media?parent=61194"}],"wp:term":[{"taxonomy":"category","embeddable":true,"href":"https:\/\/linitiative.ca\/International\/wp-json\/wp\/v2\/categories?post=61194"},{"taxonomy":"post_tag","embeddable":true,"href":"https:\/\/linitiative.ca\/International\/wp-json\/wp\/v2\/tags?post=61194"}],"curies":[{"name":"wp","href":"https:\/\/api.w.org\/{rel}","templated":true}]}}