{"id":61196,"date":"2019-09-15T13:04:07","date_gmt":"2019-09-15T17:04:07","guid":{"rendered":"https:\/\/linitiative.ca\/International\/abdelkader-chaterbache-un-artisan-au-service-de-leducation\/"},"modified":"2019-09-15T13:04:07","modified_gmt":"2019-09-15T17:04:07","slug":"abdelkader-chaterbache-un-artisan-au-service-de-leducation","status":"publish","type":"post","link":"https:\/\/linitiative.ca\/International\/abdelkader-chaterbache-un-artisan-au-service-de-leducation\/","title":{"rendered":"Abdelkader Chaterbache, un artisan au service de l\u2019\u00e9ducation"},"content":{"rendered":"<div>\n<div class=\"K2FeedImage\"><img decoding=\"async\" src=\"http:\/\/www.aps.dz\/media\/k2\/items\/cache\/1c809593d4dd4a8273c2d2cff2c5407d_S.jpg\" alt=\"Abdelkader Chaterbache, un artisan au service de l\u2019\u00e9ducation\"><\/div>\n<div class=\"K2FeedIntroText\">\n<p><strong>AIN DEFLA- Artiste plasticien, artisan et enseignant formateur dans le domaine des jeux artistiques, des \u0153uvres d\u2019art et des outils \u00e9ducatifs, Abdelkader Chaterbache de A\u00efn Defla s\u2019emploie, depuis plus de 20 ans, \u00e0 soutenir le secteur de l\u2019Education, alimentant de ses produits cr\u00e8ches et \u00e9coles.<\/strong><\/p>\n<\/div>\n<div class=\"K2FeedFullText\">\n<p>Influenc\u00e9 par son oncle qui r\u00e9alisait des miniatures, ce natif de Tissemsilit \u00e2g\u00e9 de 45 ans est le seul fabricant \u00e0 l\u2019\u00e9chelle nationale du mat\u00e9riel Montessori, en r\u00e9f\u00e9rence \u00e0 Maria Montessori, m\u00e9decin et p\u00e9dagogue italienne, mondialement connue pour la m\u00e9thode p\u00e9dagogique qui porte son nom (la p\u00e9dagogie Montessori).<\/p>\n<p>\u00ab\u00a0Par les temps qui courent, les outils p\u00e9dagogiques sont incontournables dans le processus \u00e9ducatif. On y recourt dans les ateliers d\u2019apprentissage par la pratique pour lesquels ont opt\u00e9 de nombreux pays \u00e0 travers le monde, la Finlande en t\u00eate, a-t-il fait savoir.<\/p>\n<p>Selon lui, l\u2019introduction \u00e0 grande \u00e9chelle des outils p\u00e9dagogiques permet de consolider le r\u00f4le du ma\u00eetre qui\u00a0\u00bbdoit aider et non juger\u00a0\u00bb, observant que le travail mental est la source de nourriture de l\u2019esprit.<\/p>\n<p>\u00ab\u00a0Certains parents m\u2019ont assur\u00e9 qu\u2019en sus des comp\u00e9tences et des r\u00e9flexes acquis par leurs enfants, ces outils ont eu des incidences positifs sur le comportement de ces derniers, hyperactifs pour bon nombre d\u2019entre eux, devenus plus calme, plus sociables et plus respectueux de leurs camarades\u00a0\u00bb, s\u2019est-il r\u00e9joui.<\/p>\n<p>Se r\u00e9f\u00e9rant \u00e0 certains p\u00e9dagogues, il a affirm\u00e9 que le recours aux outils \u00e9ducatifs est d\u2019autant plus n\u00e9cessaire que les solutions \u00e0 certains troubles mentaux ne sont pas \u00ab\u00a0n\u00e9cessairement\u00a0\u00bb m\u00e9dicales et chimiques, mais plut\u00f4t \u00e9ducatives.<\/p>\n<hr>\n<p><strong>Lire aussi :\u00a0<a href=\"http:\/\/www.aps.dz\/societe\/84082-insertion-scolaire-des-enfants-autistes-un-plan-d-action-national-en-preparation\">Insertion scolaire des enfants autistes : un plan d&rsquo;action national en pr\u00e9paration<\/a><\/strong><\/p>\n<hr>\n<p>Au four et au moulin au niveau de son atelier situ\u00e9 \u00e0 la maison d\u2019artisanat de A\u00efn Defla (il travaille 12 heures par jour), Abdelkader veille \u00e0 la qualit\u00e9 des produits, prodiguant instructions et conseils au personnel (5 femmes) travaillant sous sa coupe.<\/p>\n<p>Assis face \u00e0 son micro, il s\u2019affaire \u00e0 achever une carte puzzle de toute l\u2019Alg\u00e9rie permettant de conna\u00eetre les r\u00e9gions du pays.<\/p>\n<p>\u00ab\u00a0Sans pr\u00e9tention aucune, nos produits concurrencent ceux en provenance de l\u2019\u00e9tranger et les professionnels de l\u2019\u00e9ducation ont mis en avant leurs sp\u00e9cificit\u00e9s\u00a0\u00bb,\u00a0 a-il- confi\u00e9, soutenant que ces outils sont fabriqu\u00e9s selon les normes mondiales en vigueur (notamment celles ayant trait \u00e0 la couleur et la mati\u00e8re avec laquelle ils sont construits).<\/p>\n<p>En guise d\u2019illustration des prix appliqu\u00e9s, il a pr\u00e9cis\u00e9 qu\u2019une boite de lettres amovibles est c\u00e9d\u00e9e \u00e0 5 000 DA au moment o\u00f9 le triangle constructeur revient \u00e0 8 000 DA, signalant que les m\u00eames outils import\u00e9s sont c\u00e9d\u00e9s respectivement \u00e0 7 000 et 12 000 DA.<\/p>\n<p>Parall\u00e8lement \u00e0 son travail, M.Chaterbache assure des sessions de formation dans nombre de r\u00e9gions du pays au profit de jeunes soucieux d\u2019apprendre ce m\u00e9tier. Pas moins de 150 personnes ont, dans ce cadre, \u00e9t\u00e9 form\u00e9s en 2018 dont les niveaux varient de la terminale aux \u00e9tudiants pr\u00e9parant un doctorat se rapportant \u00e0 la psychologie de l\u2019\u00e9ducation.<\/p>\n<p>Mais, en d\u00e9pit de son inlassable activit\u00e9 et de son amour pour l\u2019activit\u00e9 qu\u2019il exerce, Abdelkader Chaterbache avoue avoir besoin d\u2019un soutien \u00ab\u00a0pressant\u00a0\u00bb pour mener sa mission \u00e0 la fois \u00e9ducative et humanitaire.<\/p>\n<p>\u00ab\u00a0J\u2019ai expos\u00e9 ce projet \u00e0 plusieurs responsables \u00e0 divers niveau de l\u2019administration mais malheureusement il n y a pas eu d\u2019\u00e9cho favorable de leur part\u00a0\u00bb, a-t-il regrett\u00e9, estimant \u00ab\u00a0paradoxal\u00a0\u00bb qu\u2019en ces temps de r\u00e9cession \u00e9conomique, rien n\u2019est fait pour encourager la fabrication d\u2019outils qui reviennent nettement moins cher que ceux import\u00e9s.<\/p>\n<p>Tout en rappelant que les \u00e9conomies de pays tels que l\u2019Espagne ou l\u2019Italie sont, en grande partie, bas\u00e9es sur l\u2019activit\u00e9 des PME, il a estim\u00e9 \u00ab\u00a0inadmissible\u00a0\u00bb le fait d\u2019importer des outils tels les triangles de construction et les lettres amovibles susceptibles d\u2019\u00eatre fabriqu\u00e9s localement.<\/p>\n<p>\u00ab\u00a0Les locaux que j\u2019occupe \u00e0 la maison de l\u2019artisanat sont lou\u00e9s avec mon propre argent, ils ne m\u2019ont pas \u00e9t\u00e9 offerts gracieusement\u00a0\u00bb, a-t-il tenu \u00e0 faire savoir, qualifiant de \u00ab\u00a0vaines\u00a0\u00bb ses tentatives de b\u00e9n\u00e9ficier d\u2019une aide de la part de l\u2019antenne du Fonds de Soutien \u00e0 l\u2019Artisan de A\u00efn Defla.<\/p>\n<p>\u00ab\u00a0Maria Montessori ne cessait de r\u00e9p\u00e9ter que toute aide inutile est une entrave au d\u00e9veloppement de l\u2019enfant\u00a0\u00bb, a-t-il insist\u00e9, signalant que la particularit\u00e9 de la m\u00e9thode de cette grande p\u00e9dagogue consiste \u00e0 permettre \u00e0 l\u2019enfant d\u2019apprendre le respect, la tol\u00e9rance et la dignit\u00e9 en les vivant au quotidien.<\/p>\n<p>\u00a0<\/p>\n<p>\u00a0<\/p>\n<p>\u00a0<\/p>\n<\/div>\n<\/div>\n<p>Auteur:<br \/>\n<a href=\"http:\/\/www.aps.dz\/culture\/94416-abdelkader-chaterbache-un-artisan-au-service-de-l-education\">Cliquez ici pour lire l&rsquo;article depuis sa source.<\/a><\/p>\n","protected":false},"excerpt":{"rendered":"<p>AIN DEFLA- Artiste plasticien, artisan et enseignant formateur dans le domaine des jeux artistiques, des \u0153uvres d\u2019art et des outils \u00e9ducatifs, Abdelkader Chaterbache de A\u00efn Defla s\u2019emploie, depuis plus de 20 ans, \u00e0 soutenir le secteur de l\u2019Education, alimentant de ses produits cr\u00e8ches et \u00e9coles. Influenc\u00e9 par son oncle qui r\u00e9alisait des miniatures, ce natif [&hellip;]<\/p>\n","protected":false},"author":1790,"featured_media":61197,"comment_status":"closed","ping_status":"closed","sticky":false,"template":"","format":"standard","meta":{"fifu_image_url":"","fifu_image_alt":"","footnotes":""},"categories":[53,79],"tags":[],"class_list":["post-61196","post","type-post","status-publish","format-standard","has-post-thumbnail","hentry","category-algerie","category-culture"],"_links":{"self":[{"href":"https:\/\/linitiative.ca\/International\/wp-json\/wp\/v2\/posts\/61196","targetHints":{"allow":["GET"]}}],"collection":[{"href":"https:\/\/linitiative.ca\/International\/wp-json\/wp\/v2\/posts"}],"about":[{"href":"https:\/\/linitiative.ca\/International\/wp-json\/wp\/v2\/types\/post"}],"author":[{"embeddable":true,"href":"https:\/\/linitiative.ca\/International\/wp-json\/wp\/v2\/users\/1790"}],"replies":[{"embeddable":true,"href":"https:\/\/linitiative.ca\/International\/wp-json\/wp\/v2\/comments?post=61196"}],"version-history":[{"count":0,"href":"https:\/\/linitiative.ca\/International\/wp-json\/wp\/v2\/posts\/61196\/revisions"}],"wp:featuredmedia":[{"embeddable":true,"href":"https:\/\/linitiative.ca\/International\/wp-json\/"}],"wp:attachment":[{"href":"https:\/\/linitiative.ca\/International\/wp-json\/wp\/v2\/media?parent=61196"}],"wp:term":[{"taxonomy":"category","embeddable":true,"href":"https:\/\/linitiative.ca\/International\/wp-json\/wp\/v2\/categories?post=61196"},{"taxonomy":"post_tag","embeddable":true,"href":"https:\/\/linitiative.ca\/International\/wp-json\/wp\/v2\/tags?post=61196"}],"curies":[{"name":"wp","href":"https:\/\/api.w.org\/{rel}","templated":true}]}}