{"id":61198,"date":"2019-09-15T13:04:07","date_gmt":"2019-09-15T17:04:07","guid":{"rendered":"https:\/\/linitiative.ca\/International\/un-festival-pour-la-promotion-des-traditions-mediterraneennes-a-partir-du-16-septembre-a-alger\/"},"modified":"2019-09-15T13:04:07","modified_gmt":"2019-09-15T17:04:07","slug":"un-festival-pour-la-promotion-des-traditions-mediterraneennes-a-partir-du-16-septembre-a-alger","status":"publish","type":"post","link":"https:\/\/linitiative.ca\/International\/un-festival-pour-la-promotion-des-traditions-mediterraneennes-a-partir-du-16-septembre-a-alger\/","title":{"rendered":"Un festival pour la promotion des traditions m\u00e9diterran\u00e9ennes \u00e0 partir du 16 septembre \u00e0 Alger"},"content":{"rendered":"<div>\n<div class=\"K2FeedImage\"><img decoding=\"async\" src=\"http:\/\/www.aps.dz\/media\/k2\/items\/cache\/6fea668764fbc5c03b62d282f6316f64_S.jpg\" alt=\"Un festival pour la promotion des traditions m\u00e9diterran\u00e9ennes \u00e0 partir du 16 septembre \u00e0 Alger\"><\/div>\n<div class=\"K2FeedIntroText\">\n<p><strong>ALGER- Musique, danse et conf\u00e9rences sur le patrimoine et les traditions culturelles de la M\u00e9diterran\u00e9e sont au programme de la premi\u00e8re \u00e9dition du Festival \u00ab\u00a0Traditions et innovation des cultures m\u00e9diterran\u00e9ennes\u00a0\u00bb qui s&rsquo;ouvre lundi \u00e0 Alger, ont annonc\u00e9 ses promoteurs.<\/strong><\/p>\n<\/div>\n<div class=\"K2FeedFullText\">\n<p>Organis\u00e9 par l&rsquo;Association alg\u00e9rienne de promotion de la musique et des arts graphiques de la sc\u00e8ne (Acpmac) et \u00ab\u00a0Oltre Art\u00a0\u00bb, association italienne pour la promotion et la cr\u00e9ation des \u00e9v\u00e8nements culturels, ce festival de trois jours se veut une \u00ab\u00a0plateforme d&rsquo;\u00e9changes\u00a0\u00bb pour la diffusion des traditions culturelles des deux pays.<\/p>\n<p>La cantatrice et soprane Giorgia Valbonesi, animera \u00e0 l&rsquo;Op\u00e9ra d&rsquo;Alger Boualem Bessaih un concert de chant andalous-lyrique avec la participation des \u00e9l\u00e8ves de l&rsquo;Institut national sup\u00e9rieur de musique (Insm) aux c\u00f4t\u00e9s de choristes et chor\u00e9graphes de l&rsquo;Acad\u00e9mie Profil.<\/p>\n<p>Des conf\u00e9rences sur l&rsquo;histoire, le patrimoine et les cultures de la M\u00e9diterran\u00e9e anim\u00e9es par des universitaires italiens, sont \u00e9galement au menu de cet \u00e9v\u00e8nement.<\/p>\n<p>B\u00e9atrice Borghi et Rolando Dondarini, enseignants \u00e0 l&rsquo;universit\u00e9 de Bologne et chercheurs en histoire, animeront une conf\u00e9rence sur les cultures m\u00e9diterran\u00e9ennes et les similitudes des traditions culinaires et artistiques notamment entre l&rsquo;Alg\u00e9rie et l&rsquo;Italie.<\/p>\n<p>Pr\u00e9vu jusqu&rsquo;au 19 septembre, le Festival culturel Traditions et innovation des cultures m\u00e9diterran\u00e9ennes est organis\u00e9 avec le soutien du minist\u00e8re de la Culture, l&rsquo;Agence alg\u00e9rienne pour le rayonnement culturel (Aarc) et l&rsquo;Institut culturel italien.<\/p>\n<p>Il vise \u00e0 \u00ab\u00a0promouvoir les formes de citoyennet\u00e9 active\u00a0\u00bb \u00e0 travers une compr\u00e9hension du patrimoine et des traditions en partage entre les pays m\u00e9diterran\u00e9ens, selon ses organisateurs.<\/p>\n<\/div>\n<\/div>\n<p>Auteur:<br \/>\n<a href=\"http:\/\/www.aps.dz\/culture\/94423-un-festival-pour-la-promotion-des-traditions-mediterraneennes-a-partir-du-16-septembre-a-alger\">Cliquez ici pour lire l&rsquo;article depuis sa source.<\/a><\/p>\n","protected":false},"excerpt":{"rendered":"<p>ALGER- Musique, danse et conf\u00e9rences sur le patrimoine et les traditions culturelles de la M\u00e9diterran\u00e9e sont au programme de la premi\u00e8re \u00e9dition du Festival \u00ab\u00a0Traditions et innovation des cultures m\u00e9diterran\u00e9ennes\u00a0\u00bb qui s&rsquo;ouvre lundi \u00e0 Alger, ont annonc\u00e9 ses promoteurs. Organis\u00e9 par l&rsquo;Association alg\u00e9rienne de promotion de la musique et des arts graphiques de la sc\u00e8ne [&hellip;]<\/p>\n","protected":false},"author":1790,"featured_media":61199,"comment_status":"closed","ping_status":"closed","sticky":false,"template":"","format":"standard","meta":{"fifu_image_url":"","fifu_image_alt":"","footnotes":""},"categories":[53,79],"tags":[],"class_list":["post-61198","post","type-post","status-publish","format-standard","has-post-thumbnail","hentry","category-algerie","category-culture"],"_links":{"self":[{"href":"https:\/\/linitiative.ca\/International\/wp-json\/wp\/v2\/posts\/61198","targetHints":{"allow":["GET"]}}],"collection":[{"href":"https:\/\/linitiative.ca\/International\/wp-json\/wp\/v2\/posts"}],"about":[{"href":"https:\/\/linitiative.ca\/International\/wp-json\/wp\/v2\/types\/post"}],"author":[{"embeddable":true,"href":"https:\/\/linitiative.ca\/International\/wp-json\/wp\/v2\/users\/1790"}],"replies":[{"embeddable":true,"href":"https:\/\/linitiative.ca\/International\/wp-json\/wp\/v2\/comments?post=61198"}],"version-history":[{"count":0,"href":"https:\/\/linitiative.ca\/International\/wp-json\/wp\/v2\/posts\/61198\/revisions"}],"wp:featuredmedia":[{"embeddable":true,"href":"https:\/\/linitiative.ca\/International\/wp-json\/"}],"wp:attachment":[{"href":"https:\/\/linitiative.ca\/International\/wp-json\/wp\/v2\/media?parent=61198"}],"wp:term":[{"taxonomy":"category","embeddable":true,"href":"https:\/\/linitiative.ca\/International\/wp-json\/wp\/v2\/categories?post=61198"},{"taxonomy":"post_tag","embeddable":true,"href":"https:\/\/linitiative.ca\/International\/wp-json\/wp\/v2\/tags?post=61198"}],"curies":[{"name":"wp","href":"https:\/\/api.w.org\/{rel}","templated":true}]}}