{"id":61208,"date":"2019-09-14T13:59:28","date_gmt":"2019-09-14T17:59:28","guid":{"rendered":"https:\/\/linitiative.ca\/International\/incendie-dans-un-entrepot-de-stockage-de-produits-pharmaceutiques-a-zeralda\/"},"modified":"2019-09-14T13:59:28","modified_gmt":"2019-09-14T17:59:28","slug":"incendie-dans-un-entrepot-de-stockage-de-produits-pharmaceutiques-a-zeralda","status":"publish","type":"post","link":"https:\/\/linitiative.ca\/International\/incendie-dans-un-entrepot-de-stockage-de-produits-pharmaceutiques-a-zeralda\/","title":{"rendered":"Incendie dans un entrep\u00f4t de stockage de produits pharmaceutiques \u00e0 Zeralda"},"content":{"rendered":"<div>\n<div class=\"K2FeedIntroText\">\n<p><strong>ALGER- Un incendie s&rsquo;est d\u00e9clar\u00e9, samedi, dans la zone d&rsquo;activit\u00e9s de Zeralda (Alger), au niveau d&rsquo;un entrep\u00f4t pour le stockage et la distribution de produits pharmaceutiques o\u00f9 les services de la\u00a0protection civile s&rsquo;attellent en ce moment \u00e0 l&rsquo;\u00e9teindre, a-t-on appris aupr\u00e8s des m\u00eames services.<\/strong><\/p>\n<\/div>\n<div class=\"K2FeedFullText\">\n<p>\u00ab\u00a0Un incendie s&rsquo;est d\u00e9clar\u00e9 vers 14h30 au niveau d&rsquo;un entrep\u00f4t pour le stockage et la distribution de produits pharmaceutiques \u00e0 Zeralda. En ce moment, l&rsquo;op\u00e9ration d&rsquo;extinction du feu se poursuit toujours pour \u00e9viter sa propagation\u00a0\u00bb, a d\u00e9clar\u00e9 \u00e0 l&rsquo;APS le lieutenant Benkhalfallah Khaled, charg\u00e9 de la communication \u00e0 la Direction de la Protection civile de la wilaya d&rsquo;Alger.<\/p>\n<p>Dix camions anti-incendie et une ambulance ont \u00e9t\u00e9 mobilis\u00e9s pour cette op\u00e9ration, a ajout\u00e9 le m\u00eame intervenant, assurant qu&rsquo;aucune perte humaine n&rsquo;a \u00e9t\u00e9 d\u00e9plor\u00e9e.<\/p>\n<p>Les services de s\u00e9curit\u00e9 comp\u00e9tents ouvriront une enqu\u00eate pour d\u00e9finir les circonstances de l&rsquo;incident, a-t-on indiqu\u00e9.<\/p>\n<p>\u00a0<\/p>\n<\/div>\n<\/div>\n<p>Auteur:<br \/>\n<a href=\"http:\/\/www.aps.dz\/regions\/94403-incendie-dans-un-entrepot-de-stockage-de-produits-pharmaceutiques-a-zeralda\">Cliquez ici pour lire l&rsquo;article depuis sa source.<\/a><\/p>\n","protected":false},"excerpt":{"rendered":"<p>ALGER- Un incendie s&rsquo;est d\u00e9clar\u00e9, samedi, dans la zone d&rsquo;activit\u00e9s de Zeralda (Alger), au niveau d&rsquo;un entrep\u00f4t pour le stockage et la distribution de produits pharmaceutiques o\u00f9 les services de la\u00a0protection civile s&rsquo;attellent en ce moment \u00e0 l&rsquo;\u00e9teindre, a-t-on appris aupr\u00e8s des m\u00eames services. \u00ab\u00a0Un incendie s&rsquo;est d\u00e9clar\u00e9 vers 14h30 au niveau d&rsquo;un entrep\u00f4t pour [&hellip;]<\/p>\n","protected":false},"author":1790,"featured_media":0,"comment_status":"closed","ping_status":"closed","sticky":false,"template":"","format":"standard","meta":{"fifu_image_url":"","fifu_image_alt":"","footnotes":""},"categories":[53,76],"tags":[],"class_list":["post-61208","post","type-post","status-publish","format-standard","hentry","category-algerie","category-regions"],"_links":{"self":[{"href":"https:\/\/linitiative.ca\/International\/wp-json\/wp\/v2\/posts\/61208","targetHints":{"allow":["GET"]}}],"collection":[{"href":"https:\/\/linitiative.ca\/International\/wp-json\/wp\/v2\/posts"}],"about":[{"href":"https:\/\/linitiative.ca\/International\/wp-json\/wp\/v2\/types\/post"}],"author":[{"embeddable":true,"href":"https:\/\/linitiative.ca\/International\/wp-json\/wp\/v2\/users\/1790"}],"replies":[{"embeddable":true,"href":"https:\/\/linitiative.ca\/International\/wp-json\/wp\/v2\/comments?post=61208"}],"version-history":[{"count":0,"href":"https:\/\/linitiative.ca\/International\/wp-json\/wp\/v2\/posts\/61208\/revisions"}],"wp:attachment":[{"href":"https:\/\/linitiative.ca\/International\/wp-json\/wp\/v2\/media?parent=61208"}],"wp:term":[{"taxonomy":"category","embeddable":true,"href":"https:\/\/linitiative.ca\/International\/wp-json\/wp\/v2\/categories?post=61208"},{"taxonomy":"post_tag","embeddable":true,"href":"https:\/\/linitiative.ca\/International\/wp-json\/wp\/v2\/tags?post=61208"}],"curies":[{"name":"wp","href":"https:\/\/api.w.org\/{rel}","templated":true}]}}