{"id":61212,"date":"2019-09-15T13:28:57","date_gmt":"2019-09-15T17:28:57","guid":{"rendered":"https:\/\/linitiative.ca\/International\/plus-de-6-000-comprimes-psychotropes-saisis-a-alger-oran-et-setif\/"},"modified":"2019-09-15T13:28:57","modified_gmt":"2019-09-15T17:28:57","slug":"plus-de-6-000-comprimes-psychotropes-saisis-a-alger-oran-et-setif","status":"publish","type":"post","link":"https:\/\/linitiative.ca\/International\/plus-de-6-000-comprimes-psychotropes-saisis-a-alger-oran-et-setif\/","title":{"rendered":"Plus de 6 000 comprim\u00e9s psychotropes saisis \u00e0 Alger, Oran et S\u00e9tif"},"content":{"rendered":"<div>\n<div class=\"K2FeedImage\"><img decoding=\"async\" src=\"http:\/\/www.aps.dz\/media\/k2\/items\/cache\/5460258954ffd91b0af09fb0a83b25c7_S.jpg\" alt=\"Plus de 6 000 comprim\u00e9s psychotropes saisis \u00e0 Alger, Oran et S\u00e9tif\"><\/div>\n<div class=\"K2FeedIntroText\">\n<p><strong>ALGER- Plus de 6 000 comprim\u00e9s psychotropes ont \u00e9t\u00e9 saisis dans des op\u00e9rations distinctes dans les wilayas d&rsquo;Alger, Oran et S\u00e9tif, indique dimanche un communiqu\u00e9 de la Gendarmerie nationale.<\/strong><\/p>\n<\/div>\n<div class=\"K2FeedFullText\">\n<p>A Alger, la Gendarmerie du groupement territorial de la capitale a interpell\u00e9, lors d\u2019une patrouille dans la commune des Eucalyptus, un repris de justice (33 ans) \u00e0 bord d\u2019un v\u00e9hicule en possession de quatre mille six cent dix huit (4 618) comprim\u00e9s de psychotropes, dissimul\u00e9s sous le si\u00e8ge du conducteur, pr\u00e9cise la m\u00eame source, alors qu&rsquo;\u00e0 Oran, 500 comprim\u00e9s psychotropes ont \u00e9t\u00e9 saisis dans la commune de Sidi-Chahmi.<\/p>\n<p>Dans la wilaya de S\u00e9tif, les gendarmes du groupement territorial de cette wilaya ont interpell\u00e9 deux (02) individus, \u00e2g\u00e9s de 30 et 39 ans, lors d\u2019une patrouille ex\u00e9cut\u00e9e sur l\u2019autoroute Est-Ouest, \u00e0 hauteur de la commune d\u2019El-Eulma, \u00e0 bord de deux v\u00e9hicules, en possession de neuf cent quatre-vingt dix (990) comprim\u00e9s de psychotropes, ajoute la m\u00eame source.<\/p>\n<p>Les gendarmes du m\u00eame groupement territorial ont interpell\u00e9, lors d\u2019un point de contr\u00f4le dress\u00e9 dans la circonscription communale de Bir-Heddada, un individu de\u00a0 26 ans transportant \u00e0 bord d\u2019un camion douze mille sept cent vingt (12 720) sachets de tabac \u00e0 chiquer, sans registre de commerce ni factures.<\/p>\n<hr>\n<p><a href=\"http:\/\/www.aps.dz\/regions\/94358-constantine-saisie-de-plus-12-000-capsules-de-medicaments-detournes-de-leur-usage\">Lire aussi :\u00a0Constantine: saisie de plus 12 000 capsules de m\u00e9dicaments d\u00e9tourn\u00e9s de leur usage<\/a><\/p>\n<hr>\n<p>Toujours dans la wilaya de S\u00e9tif, un citoyen \u00e2g\u00e9 de 75 ans a \u00e9t\u00e9 victime d&rsquo;un vol, un individu s&rsquo;\u00e9tant empar\u00e9 de son v\u00e9hicule dans la commune de Guijel, selon la m\u00eame source, qui ajoute que les recherches et les investigations entreprises par les gendarmes de ladite brigade territoriale ont permis la d\u00e9couverte du v\u00e9hicule en question et l\u2019interpellation de quatre (04) individus, qui \u00e9taient \u00e0 bord d\u2019un autre v\u00e9hicule, en possession des cl\u00e9s de contact du v\u00e9hicule vol\u00e9.<\/p>\n<p>Dans la wilaya de Tlemcen, deux individus, en possession de deux (02) fusils de chasse de confection artisanale, ont \u00e9t\u00e9 interpell\u00e9s dans la commune de Remchi, alors qu&rsquo;\u00e0 A\u00efn-Youcef (Tlemcen), cinq (05) individus en possession de cinq (05) fusils de fantasia, quarante quatre (44) capsules et cent quatre-vingt huit (188) grammes de pulv\u00e9rin, d\u00e9tenus ill\u00e9galement, ont \u00e9t\u00e9 interpell\u00e9s.<\/p>\n<p>Enfin \u00e0 Sidi-Bel-Abb\u00e8s, un individu (38 ans) a \u00e9t\u00e9 interpell\u00e9 lors d\u2019un point de contr\u00f4le, transportant quatre (04) caissettes contenant quatre cents (400) oiseaux de races \u00ab\u00a0El-Hassoune\u00a0\u00bb, conclut le communiqu\u00e9 de la Gendarmerie nationale.<\/p>\n<\/div>\n<\/div>\n<p>Auteur:<br \/>\n<a href=\"http:\/\/www.aps.dz\/regions\/94436-plus-de-6-000-comprimes-psychotropes-saisis-a-alger-oran-et-setif\">Cliquez ici pour lire l&rsquo;article depuis sa source.<\/a><\/p>\n","protected":false},"excerpt":{"rendered":"<p>ALGER- Plus de 6 000 comprim\u00e9s psychotropes ont \u00e9t\u00e9 saisis dans des op\u00e9rations distinctes dans les wilayas d&rsquo;Alger, Oran et S\u00e9tif, indique dimanche un communiqu\u00e9 de la Gendarmerie nationale. A Alger, la Gendarmerie du groupement territorial de la capitale a interpell\u00e9, lors d\u2019une patrouille dans la commune des Eucalyptus, un repris de justice (33 ans) [&hellip;]<\/p>\n","protected":false},"author":1790,"featured_media":61213,"comment_status":"closed","ping_status":"closed","sticky":false,"template":"","format":"standard","meta":{"fifu_image_url":"","fifu_image_alt":"","footnotes":""},"categories":[53,76],"tags":[],"class_list":["post-61212","post","type-post","status-publish","format-standard","has-post-thumbnail","hentry","category-algerie","category-regions"],"_links":{"self":[{"href":"https:\/\/linitiative.ca\/International\/wp-json\/wp\/v2\/posts\/61212","targetHints":{"allow":["GET"]}}],"collection":[{"href":"https:\/\/linitiative.ca\/International\/wp-json\/wp\/v2\/posts"}],"about":[{"href":"https:\/\/linitiative.ca\/International\/wp-json\/wp\/v2\/types\/post"}],"author":[{"embeddable":true,"href":"https:\/\/linitiative.ca\/International\/wp-json\/wp\/v2\/users\/1790"}],"replies":[{"embeddable":true,"href":"https:\/\/linitiative.ca\/International\/wp-json\/wp\/v2\/comments?post=61212"}],"version-history":[{"count":0,"href":"https:\/\/linitiative.ca\/International\/wp-json\/wp\/v2\/posts\/61212\/revisions"}],"wp:featuredmedia":[{"embeddable":true,"href":"https:\/\/linitiative.ca\/International\/wp-json\/"}],"wp:attachment":[{"href":"https:\/\/linitiative.ca\/International\/wp-json\/wp\/v2\/media?parent=61212"}],"wp:term":[{"taxonomy":"category","embeddable":true,"href":"https:\/\/linitiative.ca\/International\/wp-json\/wp\/v2\/categories?post=61212"},{"taxonomy":"post_tag","embeddable":true,"href":"https:\/\/linitiative.ca\/International\/wp-json\/wp\/v2\/tags?post=61212"}],"curies":[{"name":"wp","href":"https:\/\/api.w.org\/{rel}","templated":true}]}}