{"id":61222,"date":"2019-09-15T15:14:33","date_gmt":"2019-09-15T19:14:33","guid":{"rendered":"https:\/\/linitiative.ca\/International\/international-juventus-cette-enorme-revelation-sur-cristiano-ronaldo\/"},"modified":"2019-09-15T15:14:33","modified_gmt":"2019-09-15T19:14:33","slug":"international-juventus-cette-enorme-revelation-sur-cristiano-ronaldo","status":"publish","type":"post","link":"https:\/\/linitiative.ca\/International\/international-juventus-cette-enorme-revelation-sur-cristiano-ronaldo\/","title":{"rendered":"International : Juventus : Cette \u00e9norme r\u00e9v\u00e9lation sur Cristiano Ronaldo !"},"content":{"rendered":"<div readability=\"32\">\n<p>Auteur : <span class=\"time\">dimanche 15 septembre 2019 18:21<\/span><\/p>\n<\/div>\n<div id=\"post_core\" readability=\"62\">\n<p>D\u00e9sormais du c\u00f4t\u00e9 de la Juventus, Cristiano Ronaldo a fait les beaux jours du Real Madrid durant neuf ann\u00e9es, entre 2009 et 2018. L\u2019international portugais a permis au club merengue de rafler tous les troph\u00e9es et de se refaire une place de choix dans le football international. N\u00e9anmoins, l\u2019histoire aurait pu \u00eatre bien diff\u00e9rente comme l\u2019a r\u00e9v\u00e9l\u00e9 Ram\u00f3n Calder\u00f3n. Dans un entretien accord\u00e9 \u00e0 El Confidencial, l\u2019ancien pr\u00e9sident du Real Madrid explique qu\u2019il est \u00e0 l\u2019origine de sa signature, et en profite au passage pour r\u00e9gler ses comptes avec Florentino P\u00e9rez, qui aurait pu faire capoter cette op\u00e9ration XXL. \u00ab Le transfert commence toujours de la m\u00eame fa\u00e7on : un repr\u00e9sentant vous dit qu&rsquo;un joueur veut changer d&rsquo;air. Ils m&rsquo;ont dit : \u00ab\u00a0Cristiano Ronaldo veut venir au Real Madrid\u00a0\u00bb. Eh bien, essayons. J&rsquo;ai parl\u00e9 \u00e0 David Gill [directeur g\u00e9n\u00e9ral de Manchester United] et au d\u00e9but il a dit non et que, de toute fa\u00e7on, c&rsquo;\u00e9tait trop cher. Il a parl\u00e9 \u00e0 Ronaldo \u00e0 plusieurs reprises et m&rsquo;a dit qu&rsquo;il voulait venir, mais qu&rsquo;il respectait beaucoup Manchester United et qu&rsquo;il voulait faire les choses dans les r\u00e8gles. Il aurait souhait\u00e9 venir plus t\u00f4t, mais United lui a demand\u00e9 de renouveler \u00e0 la condition de le laisser partir l&rsquo;ann\u00e9e suivante, et nous l\u2019avons recrut\u00e9. Nous avons sign\u00e9 en d\u00e9cembre pour qu&rsquo;il n&rsquo;y ait aucun doute. 80 millions de livres sterling (94 millions d&rsquo;euros), avec une assurance pour que la fluctuation du march\u00e9 ne change pas le prix. Florentino a\u00a0 donc trouv\u00e9 l\u2019accord boucl\u00e9 quand il est revenu \u00e0 la pr\u00e9sidence. En fait, Florentino le savait avant : Jos\u00e9 \u00c1ngel S\u00e1nchez [l&rsquo;actuel directeur g\u00e9n\u00e9ral du Real Madrid] &#8211; que j&rsquo;ai gard\u00e9 \u00e0 son poste quand j&rsquo;ai gagn\u00e9 les \u00e9lections, bien qu&rsquo;\u00e9tant un Florentiniste &#8211; l&rsquo;a averti : \u00ab\u00a0H\u00e9, ils ont sign\u00e9 Ronaldo\u00a0\u00bb. Quand Florentino est revenu \u00e0 la pr\u00e9sidence, il a essay\u00e9 de rompre le contrat, mais il a \u00e9t\u00e9 convaincu de ne pas le faire. C\u2019est pour cela que la relation entre Florentino et Ronaldo a \u00e9t\u00e9 si mauvaise d\u00e8s le d\u00e9but, peu importe \u00e0 quel point ils se sont affich\u00e9s. La relation \u00e9tait froide et inf\u00e2me. Cristiano savait que Florentino ne l&rsquo;aimait pas et que celui qui l&rsquo;avait sign\u00e9, c\u2019\u00e9tait moi. J&rsquo;ai parl\u00e9 \u00e0 Cristiano plusieurs fois au t\u00e9l\u00e9phone pendant ces mois. Je n\u2019ai pas tant de m\u00e9rite que \u00e7a de l&rsquo;avoir amen\u00e9 ici. Il \u00e9tait d\u00e9j\u00e0 le meilleur joueur du monde, et c\u2019est toujours le joueur qui a le dernier mot. Et puis je ne l&rsquo;ai pas pay\u00e9 de ma poche, tout comme Florentino ne signe pas les joueurs avec son argent, mais avec celui du club. Signer Cristiano n\u2019est pas une grosse affaire. Ce qui me d\u00e9range, c\u2019est la mesquinerie et l\u2019audace de ceux qui s\u2019attribuent sa signature \u00bb, explique Ram\u00f3n Calder\u00f3n dans un long entretien accord\u00e9 \u00e0 El Confidencial et comme rapport\u00e9 par Le 10 Sport.<\/p>\n<p><strong>Publi\u00e9 dans :<\/strong> <span>juventus<\/span> <span>cristiano ronaldo<\/span><\/p>\n<\/div>\n<p>Auteur:<br \/>\n<a href=\"http:\/\/www.lebuteur.com\/article\/detail?titre=juventus-cette-enorme-revelation-sur-cristiano-ronaldo&#038;id=91696&#038;utm_source=feedburner&#038;utm_medium=feed&#038;utm_campaign=Feed%3A+GalerieFArtciles+%28Les+derniers+articles++-+lebuteur.com%29\">Cliquez ici pour lire l&rsquo;article depuis sa source.<\/a><\/p>\n","protected":false},"excerpt":{"rendered":"<p>Auteur : dimanche 15 septembre 2019 18:21 D\u00e9sormais du c\u00f4t\u00e9 de la Juventus, Cristiano Ronaldo a fait les beaux jours du Real Madrid durant neuf ann\u00e9es, entre 2009 et 2018. L\u2019international portugais a permis au club merengue de rafler tous les troph\u00e9es et de se refaire une place de choix dans le football international. N\u00e9anmoins, [&hellip;]<\/p>\n","protected":false},"author":1738,"featured_media":61223,"comment_status":"closed","ping_status":"closed","sticky":false,"template":"","format":"standard","meta":{"fifu_image_url":"","fifu_image_alt":"","footnotes":""},"categories":[53,75],"tags":[],"class_list":["post-61222","post","type-post","status-publish","format-standard","has-post-thumbnail","hentry","category-algerie","category-sport"],"_links":{"self":[{"href":"https:\/\/linitiative.ca\/International\/wp-json\/wp\/v2\/posts\/61222","targetHints":{"allow":["GET"]}}],"collection":[{"href":"https:\/\/linitiative.ca\/International\/wp-json\/wp\/v2\/posts"}],"about":[{"href":"https:\/\/linitiative.ca\/International\/wp-json\/wp\/v2\/types\/post"}],"author":[{"embeddable":true,"href":"https:\/\/linitiative.ca\/International\/wp-json\/wp\/v2\/users\/1738"}],"replies":[{"embeddable":true,"href":"https:\/\/linitiative.ca\/International\/wp-json\/wp\/v2\/comments?post=61222"}],"version-history":[{"count":0,"href":"https:\/\/linitiative.ca\/International\/wp-json\/wp\/v2\/posts\/61222\/revisions"}],"wp:featuredmedia":[{"embeddable":true,"href":"https:\/\/linitiative.ca\/International\/wp-json\/"}],"wp:attachment":[{"href":"https:\/\/linitiative.ca\/International\/wp-json\/wp\/v2\/media?parent=61222"}],"wp:term":[{"taxonomy":"category","embeddable":true,"href":"https:\/\/linitiative.ca\/International\/wp-json\/wp\/v2\/categories?post=61222"},{"taxonomy":"post_tag","embeddable":true,"href":"https:\/\/linitiative.ca\/International\/wp-json\/wp\/v2\/tags?post=61222"}],"curies":[{"name":"wp","href":"https:\/\/api.w.org\/{rel}","templated":true}]}}