{"id":61241,"date":"2019-09-15T15:20:45","date_gmt":"2019-09-15T19:20:45","guid":{"rendered":"https:\/\/linitiative.ca\/International\/le-processus-menant-vers-la-presidentielle-est-en-marche\/"},"modified":"2019-09-15T15:20:45","modified_gmt":"2019-09-15T19:20:45","slug":"le-processus-menant-vers-la-presidentielle-est-en-marche","status":"publish","type":"post","link":"https:\/\/linitiative.ca\/International\/le-processus-menant-vers-la-presidentielle-est-en-marche\/","title":{"rendered":"Le processus menant vers la pr\u00e9sidentielle est en marche"},"content":{"rendered":"<p>En signant ce dimanche les deux lois organiques relatives \u00e0 la cr\u00e9ation de l\u2019Autorit\u00e9 de surveillance et l\u2019organisation de la pr\u00e9sidentielle, le chef de l\u2019Etat, Abdelkader Bensalah, ne laisse aucun doute sur la tenue de la pr\u00e9sidentielle pr\u00e9vue au mois de d\u00e9cembre prochain. Les deux lois ont \u00e9t\u00e9 sign\u00e9es par le chef de l\u2019Etat apr\u00e8s avis favorable du Conseil constitutionnel, qui a v\u00e9rifi\u00e9 leur conformit\u00e9 \u00e0 la Constitution. Ces deux lois, qui \u00e9manent du panel dirig\u00e9 par Karim Younes, ont \u00e9t\u00e9 pr\u00e9sent\u00e9es et adopt\u00e9es en s\u00e9ances pl\u00e9ni\u00e8re, en fin de semaine (mercredi, jeudi et vendredi) par les deux Chambres, selon une proc\u00e9dure \u00ab\u00a0au vu de l\u2019urgence de la situation\u00a0\u00bb, comme l\u2019avait expliqu\u00e9 le ministre de la Justice.<\/p>\n<p>Celles-ci entreront en vigueur d\u00e8s leur publication, dans les prochaines heures, dans le Journal officiel. Quelques heures apr\u00e8s la signature des lois organiques relatives au r\u00e9gime \u00e9lectoral et \u00e0 l\u2019Autorit\u00e9 nationale ind\u00e9pendante des \u00e9lections, le chef de l\u2019Etat a prononc\u00e9 un discours important \u00e0 la Nation. Les \u00e9lections \u00e9tant traditionnellement fix\u00e9es un jeudi, deux dates s\u2019offrent \u00e0 Bensalah\u00a0: le 12 ou le 19 d\u00e9cembre 2019 comme propos\u00e9 par le vice-ministre de la D\u00e9fense nationale, chef d\u2019\u00e9tat-major de l\u2019ANP, le g\u00e9n\u00e9ral de corps d\u2019arm\u00e9e Ahmed Ga\u00efd Salah.<\/p>\n<p>Dans la foul\u00e9e, les membres de l\u2019Autorit\u00e9 nationale ind\u00e9pendante des \u00e9lections ont \u00e9lu ce dimanche un pr\u00e9sident en la personne de Mohamed Chorfi, ancien magistrat et ancien ministre de la Justice. Les 50 membres de cette autorit\u00e9, r\u00e9unis \u00e0 l\u2019h\u00f4tel El Daza\u00efr, ont pl\u00e9biscit\u00e9 \u00e0 l\u2019unanimit\u00e9 cet ex\u2013avocat, qui aura la lourde t\u00e2che de superviser la transparence des \u00e9lections pr\u00e9sidentielles, qui interviennent dans un contexte tr\u00e8s particulier. Dans une d\u00e9claration apr\u00e8s sa d\u00e9signation \u00e0 la t\u00eate de cette Autorit\u00e9 nationale, Chorfi a \u00e9voqu\u00e9 les difficult\u00e9s auxquelles fera face cette instance, qui \u00ab\u00a0\u0153uvrera pour rendre la parole au peuple afin de d\u00e9cider de son avenir et parachever l\u2019\u00e9dification de l\u2019Etat\u00a0\u00bb. Il a assur\u00e9 que la priorit\u00e9 de l\u2019instance sera de \u00ab\u00a0concr\u00e9tiser la revendication principale du peuple, celle de choisir librement celui qui le repr\u00e9sentera au plus haut sommet de l\u2019Etat\u00a0\u00bb.<\/p>\n<p>Cette Autorit\u00e9 permanente et ind\u00e9pendante jouit du statut de personne morale et de l\u2019ind\u00e9pendance administrative et financi\u00e8re. Elle a pour missions de \u00ab\u00a0concr\u00e9tiser et approfondir la d\u00e9mocratie constitutionnelle et promouvoir le r\u00e9gime \u00e9lectoral conduisant \u00e0 l\u2019alternance pacifique et d\u00e9mocratique au pouvoir\u00a0\u00bb. Son si\u00e8ge se situera \u00e0 Alger avec des antennes au niveau local et aupr\u00e8s de la communaut\u00e9 nationale \u00e0 l\u2019\u00e9tranger. Elle veillera \u00e0 la pr\u00e9paration, \u00e0 l\u2019organisation, \u00e0 la gestion, \u00e0 la supervision et \u00e0 la surveillance des \u00e9lections. En mati\u00e8re de surveillance des \u00e9lections, l\u2019Autorit\u00e9 veille \u00e0 garantir la transparence et la r\u00e9gularit\u00e9 du scrutin lors des \u00e9tapes de sa pr\u00e9paration et de son organisation.<\/p>\n<p>Le chef de l\u2019Etat a par ailleurs mis fin, hier, aux fonctions du secr\u00e9taire g\u00e9n\u00e9ral de la Haute instance ind\u00e9pendante de surveillance des \u00e9lections (HIISE) Fouad Makhlouf, a indiqu\u00e9 un communiqu\u00e9 de la pr\u00e9sidence de la R\u00e9publique.<\/p>\n<p>Auteur: Boudjedri<br \/>\n<a href=\"http:\/\/www.jeune-independant.net\/Le-processus-menant-vers-la.html\">Cliquez ici pour lire l&rsquo;article depuis sa source.<\/a><\/p>\n","protected":false},"excerpt":{"rendered":"<p>En signant ce dimanche les deux lois organiques relatives \u00e0 la cr\u00e9ation de l\u2019Autorit\u00e9 de surveillance et l\u2019organisation de la pr\u00e9sidentielle, le chef de l\u2019Etat, Abdelkader Bensalah, ne laisse aucun doute sur la tenue de la pr\u00e9sidentielle pr\u00e9vue au mois de d\u00e9cembre prochain. Les deux lois ont \u00e9t\u00e9 sign\u00e9es par le chef de l\u2019Etat apr\u00e8s [&hellip;]<\/p>\n","protected":false},"author":1737,"featured_media":0,"comment_status":"closed","ping_status":"closed","sticky":false,"template":"","format":"standard","meta":{"fifu_image_url":"","fifu_image_alt":"","footnotes":""},"categories":[73,53],"tags":[],"class_list":["post-61241","post","type-post","status-publish","format-standard","hentry","category-actualite","category-algerie"],"_links":{"self":[{"href":"https:\/\/linitiative.ca\/International\/wp-json\/wp\/v2\/posts\/61241","targetHints":{"allow":["GET"]}}],"collection":[{"href":"https:\/\/linitiative.ca\/International\/wp-json\/wp\/v2\/posts"}],"about":[{"href":"https:\/\/linitiative.ca\/International\/wp-json\/wp\/v2\/types\/post"}],"author":[{"embeddable":true,"href":"https:\/\/linitiative.ca\/International\/wp-json\/wp\/v2\/users\/1737"}],"replies":[{"embeddable":true,"href":"https:\/\/linitiative.ca\/International\/wp-json\/wp\/v2\/comments?post=61241"}],"version-history":[{"count":0,"href":"https:\/\/linitiative.ca\/International\/wp-json\/wp\/v2\/posts\/61241\/revisions"}],"wp:attachment":[{"href":"https:\/\/linitiative.ca\/International\/wp-json\/wp\/v2\/media?parent=61241"}],"wp:term":[{"taxonomy":"category","embeddable":true,"href":"https:\/\/linitiative.ca\/International\/wp-json\/wp\/v2\/categories?post=61241"},{"taxonomy":"post_tag","embeddable":true,"href":"https:\/\/linitiative.ca\/International\/wp-json\/wp\/v2\/tags?post=61241"}],"curies":[{"name":"wp","href":"https:\/\/api.w.org\/{rel}","templated":true}]}}