{"id":61242,"date":"2019-09-15T15:23:36","date_gmt":"2019-09-15T19:23:36","guid":{"rendered":"https:\/\/linitiative.ca\/International\/bensalah-convoque-le-corps-electoral\/"},"modified":"2019-09-15T15:23:36","modified_gmt":"2019-09-15T19:23:36","slug":"bensalah-convoque-le-corps-electoral","status":"publish","type":"post","link":"https:\/\/linitiative.ca\/International\/bensalah-convoque-le-corps-electoral\/","title":{"rendered":"Bensalah convoque le corps \u00e9lectoral"},"content":{"rendered":"<p>Comme attendu, le Chef de l\u2019Etat Abdelkader Bensalah a convoqu\u00e9 ce dimanche le corps \u00e9lectoral pour les \u00e9lections pr\u00e9sidentielles.<\/p>\n<p>Le Chef de l\u2019Etat a sign\u00e9 le d\u00e9cret portant convocation du corps \u00e9lectoral pour une \u00e9lection pr\u00e9sidentielle le 12 d\u00e9cembre prochain. Avec cette convocation, le Chef de l\u2019Etat fixe ainsi la date du scrutin pour jeudi 12 d\u00e9cembre 2019, soit dans moins de 90 jours.<\/p>\n<p>Il s\u2019agit de la troisi\u00e8me convocation du corps \u00e9lectoral en neuf mois. Pour rappel, c\u2019est l\u2019ex pr\u00e9sident d\u00e9chu, Abdelaziz Bouteflika, qui avait d\u00e9cid\u00e9 de briguer un cinqui\u00e8me mandat, qui signa un d\u00e9cret portant cette convocation, vers la mi-janvier 2019. Un mois plus tard, un mouvement populaire spectaculaire a \u00e9merg\u00e9 dans le pays, contestant ouvertement, et pacifiquement, le r\u00e9gime politique de Bouteflika et de ses alli\u00e9s, parmi les partis, la Centrale syndicale et les patronats. Des manifestations monstres ont eu lieu chaque vendredi, revendiquant le changement du syst\u00e8me de gouvernance et appelant aux jugements des pontes du r\u00e9gime, notamment des ministres et des hauts fonctionnaires de l\u2019Etat. Ces marches ont provoqu\u00e9 un v\u00e9ritable s\u00e9isme dans le pays, poussant Bouteflika \u00e0 d\u00e9poser sa d\u00e9mission.<\/p>\n<p>Mais c\u2019est encore au tour du chef de l\u2019Etat, qui a pris la rel\u00e8ve, selon les dispositions de la Constitution, \u00e0 savoir le pr\u00e9sident du Conseil de la nation, Abdelkader Bensalah, de signer une seconde convocation du corps \u00e9lectoral en avril dernier. Le vote devrait avoir lieu au d\u00e9but du mois de juillet, mais il sera encore une fois annul\u00e9, faute de candidats, selon les explications fournies par le Conseil Constitutionnel.<\/p>\n<p>A cette \u00e9poque, des partis politiques et des acteurs de la soci\u00e9t\u00e9 civile revendiquaient une d\u00e9marche diff\u00e9rente pour la tenue des \u00e9lections, notamment la pr\u00e9sidentielle. La crise s\u2019enlise quelques semaines, avant que la hi\u00e9rarchie militaire ne fasse la pression pour d\u00e9gager une voie consensuelle. Il aura fallu cr\u00e9er aux forceps une commission, dite panel, compos\u00e9e de plusieurs personnalit\u00e9s et des experts ou juristes, qui relan\u00e7a le dialogue avec les formations politiques, les syndicats, les organisations de la soci\u00e9t\u00e9 civile, le mouvement associatif et des intellectuels du monde universitaire et culturel. C\u2019est ce panel qui au bout d\u2019un mois a remis \u00e0 la pr\u00e9sidence le rapport final de sa mission. Finalement, les deux principales revendications de l\u2019opposition et du mouvement populaire ont \u00e9t\u00e9 adopt\u00e9es rapidement et promulgu\u00e9es en toute urgence\u00a0: une Autorit\u00e9 nationale ind\u00e9pendante charg\u00e9e des \u00e9lections, et le r\u00e9gime \u00e9lectoral. C\u2019est avec ces adoptions de ces deux textes de lois, apr\u00e8s un passage presque sans examen au niveau des deux chambres parlementaires, que le chef de l\u2019Etat re-convoque le corps \u00e9lectoral pour une autre pr\u00e9sidentielle qui se tiendra avant la fin de l\u2019ann\u00e9e, en cas d\u2019un premier tour seulement.<\/p>\n<p>Hier dans la soir\u00e9e, Bensalah a fait un discours, dans lequel, il expliqua les raisons de cette d\u00e9cision et appela les citoyens \u00e0 participer massivement au scrutin, \u00e0 se mobiliser davantage pour la d\u00e9fense des acquis de la nation, de sa stabilit\u00e9 et de sa s\u00e9curit\u00e9.<\/p>\n<p>Au d\u00e9but du mois, le vice-ministre de la D\u00e9fense, chef d\u2019\u00e9tat-major, le g\u00e9n\u00e9ral de Corps d\u2019arm\u00e9e, Gaid Salah avait sugg\u00e9r\u00e9 la date du 15 septembre, la qualifiant \u00ab\u00a0judicieuse\u00a0\u00bb pour la convocation du corps \u00e9lectoral.<\/p>\n<p>Avec cette d\u00e9cision, le processus vers le scrutin est en marche et il ne reste plus que des d\u00e9tails et des m\u00e9canismes qui seront \u00e0 la charge exclusive de la nouvelle Autorit\u00e9 nationale, pr\u00e9sid\u00e9e par Mohamed Charfi, ex-ministre de la Justice et garde des Sceaux.<\/p>\n<p>Auteur: Boudjedri<br \/>\n<a href=\"http:\/\/www.jeune-independant.net\/Bensalah-convoque-le-corps.html\">Cliquez ici pour lire l&rsquo;article depuis sa source.<\/a><\/p>\n","protected":false},"excerpt":{"rendered":"<p>Comme attendu, le Chef de l\u2019Etat Abdelkader Bensalah a convoqu\u00e9 ce dimanche le corps \u00e9lectoral pour les \u00e9lections pr\u00e9sidentielles. Le Chef de l\u2019Etat a sign\u00e9 le d\u00e9cret portant convocation du corps \u00e9lectoral pour une \u00e9lection pr\u00e9sidentielle le 12 d\u00e9cembre prochain. Avec cette convocation, le Chef de l\u2019Etat fixe ainsi la date du scrutin pour jeudi [&hellip;]<\/p>\n","protected":false},"author":1737,"featured_media":0,"comment_status":"closed","ping_status":"closed","sticky":false,"template":"","format":"standard","meta":{"fifu_image_url":"","fifu_image_alt":"","footnotes":""},"categories":[73,53],"tags":[],"class_list":["post-61242","post","type-post","status-publish","format-standard","hentry","category-actualite","category-algerie"],"_links":{"self":[{"href":"https:\/\/linitiative.ca\/International\/wp-json\/wp\/v2\/posts\/61242","targetHints":{"allow":["GET"]}}],"collection":[{"href":"https:\/\/linitiative.ca\/International\/wp-json\/wp\/v2\/posts"}],"about":[{"href":"https:\/\/linitiative.ca\/International\/wp-json\/wp\/v2\/types\/post"}],"author":[{"embeddable":true,"href":"https:\/\/linitiative.ca\/International\/wp-json\/wp\/v2\/users\/1737"}],"replies":[{"embeddable":true,"href":"https:\/\/linitiative.ca\/International\/wp-json\/wp\/v2\/comments?post=61242"}],"version-history":[{"count":0,"href":"https:\/\/linitiative.ca\/International\/wp-json\/wp\/v2\/posts\/61242\/revisions"}],"wp:attachment":[{"href":"https:\/\/linitiative.ca\/International\/wp-json\/wp\/v2\/media?parent=61242"}],"wp:term":[{"taxonomy":"category","embeddable":true,"href":"https:\/\/linitiative.ca\/International\/wp-json\/wp\/v2\/categories?post=61242"},{"taxonomy":"post_tag","embeddable":true,"href":"https:\/\/linitiative.ca\/International\/wp-json\/wp\/v2\/tags?post=61242"}],"curies":[{"name":"wp","href":"https:\/\/api.w.org\/{rel}","templated":true}]}}