{"id":61243,"date":"2019-09-15T15:28:08","date_gmt":"2019-09-15T19:28:08","guid":{"rendered":"https:\/\/linitiative.ca\/International\/arrestation-de-karim-tabbou-les-avocats-demandent-la-liberte-provisoire\/"},"modified":"2019-09-15T15:28:08","modified_gmt":"2019-09-15T19:28:08","slug":"arrestation-de-karim-tabbou-les-avocats-demandent-la-liberte-provisoire","status":"publish","type":"post","link":"https:\/\/linitiative.ca\/International\/arrestation-de-karim-tabbou-les-avocats-demandent-la-liberte-provisoire\/","title":{"rendered":"Arrestation de Karim Tabbou : Les avocats demandent la libert\u00e9 provisoire"},"content":{"rendered":"<p>Le pr\u00e9sident du parti UDS (non agr\u00e9\u00e9) et ancien secr\u00e9taire g\u00e9n\u00e9ral du FFS, Karim Tabbou, compara\u00eetra lors des prochains jours devant le juge d\u2019instruction du tribunal de Kol\u00e9a pour \u00eatre, encore une fois, entendu dans le fond des accusations retenues contre lui au cours de l\u2019enqu\u00eate.<\/p>\n<p>Il a \u00e9t\u00e9 plac\u00e9 en d\u00e9tention provisoire \u00e0 l\u2019\u00e9tablissement p\u00e9nitentiaire de Kol\u00e9a jeudi dernier par le juge d\u2019instruction pour \u00ab\u00a0atteinte au moral de l\u2019Arm\u00e9e nationale\u00a0\u00bb.<\/p>\n<p>Karim Tabbou, 46 ans, a \u00e9t\u00e9 arr\u00eat\u00e9, rappelons-le, mercredi devant son domicile \u00e0 Dou\u00e9ra, par \u00ab\u00a0deux hommes en civil qui se sont pr\u00e9sent\u00e9s comme des agents des services de s\u00e9curit\u00e9 et l\u2019ont somm\u00e9 de les suivre\u00a0\u00bb, selon un communiqu\u00e9 de l\u2019UDS.<\/p>\n<p>Son avocat Me MustpahaB ouchachi a affirm\u00e9 que \u00ab\u00a0l\u2019accusation retenue contre Karim Tabbou ne repose sur aucune base l\u00e9gale. Mon client fait l\u2019objet d\u2019une incarc\u00e9ration arbitraire et ill\u00e9gale. Sans lui notifier les chefs d\u2019inculpation, les agents en civil l\u2019ont embarqu\u00e9\u2026\u00a0\u00bb.<\/p>\n<p>Il a \u00e9t\u00e9 le premier secr\u00e9taire, entre 2007 et 2011, du Front des forces socialistes (FFS), le plus ancien parti d\u2019opposition d\u2019Alg\u00e9rie, avant de fonder, en novembre 2012, l\u2019UDS, un parti qui ne dispose toujours pas d\u2019agr\u00e9ment.<\/p>\n<p>Son arrestation a suscit\u00e9 une vague d\u2019indignations \u00e0 travers le pays, notamment sur les r\u00e9seaux sociaux. Le FFS a qualifi\u00e9, \u00e0 travers des communiqu\u00e9s de presse, l\u2019arrestation de Karim Tabbou comme \u00e9tant un \u00ab\u00a0acte irresponsable et arbitraire\u00a0\u00bb et a exig\u00e9 sa \u00ab\u00a0lib\u00e9ration imm\u00e9diate\u00a0\u00bb.<\/p>\n<p>Le Comit\u00e9 national pour la lib\u00e9ration des d\u00e9tenus (CNLD) a qualifi\u00e9 cette arrestation de \u00ab\u00a0kidnapping, semblable \u00e0 celui du commandant Lakhdar Bouregaa \u00ab\u00a0, incarc\u00e9r\u00e9 depuis le 30 juin pour \u00ab\u00a0outrage \u00e0 corps constitu\u00e9s et atteinte au moral de l\u2019arm\u00e9e \u00ab\u00a0.<\/p>\n<p>Le collectif des avocats de la d\u00e9fense compte introduire une demande de libert\u00e9 provisoire \u00e0 la chambre d\u2019accusation de la cour de Tipasa, et l\u2019annulation de l\u2019ordonnance du juge d\u2019instruction relative au placement de Karim Tabbou en d\u00e9tention provisoire.<\/p>\n<p>Auteur: Boudjedri<br \/>\n<a href=\"http:\/\/www.jeune-independant.net\/Arrestation-de-Karim-Tabbou-Les.html\">Cliquez ici pour lire l&rsquo;article depuis sa source.<\/a><\/p>\n","protected":false},"excerpt":{"rendered":"<p>Le pr\u00e9sident du parti UDS (non agr\u00e9\u00e9) et ancien secr\u00e9taire g\u00e9n\u00e9ral du FFS, Karim Tabbou, compara\u00eetra lors des prochains jours devant le juge d\u2019instruction du tribunal de Kol\u00e9a pour \u00eatre, encore une fois, entendu dans le fond des accusations retenues contre lui au cours de l\u2019enqu\u00eate. Il a \u00e9t\u00e9 plac\u00e9 en d\u00e9tention provisoire \u00e0 l\u2019\u00e9tablissement [&hellip;]<\/p>\n","protected":false},"author":1737,"featured_media":0,"comment_status":"closed","ping_status":"closed","sticky":false,"template":"","format":"standard","meta":{"fifu_image_url":"","fifu_image_alt":"","footnotes":""},"categories":[73,53],"tags":[],"class_list":["post-61243","post","type-post","status-publish","format-standard","hentry","category-actualite","category-algerie"],"_links":{"self":[{"href":"https:\/\/linitiative.ca\/International\/wp-json\/wp\/v2\/posts\/61243","targetHints":{"allow":["GET"]}}],"collection":[{"href":"https:\/\/linitiative.ca\/International\/wp-json\/wp\/v2\/posts"}],"about":[{"href":"https:\/\/linitiative.ca\/International\/wp-json\/wp\/v2\/types\/post"}],"author":[{"embeddable":true,"href":"https:\/\/linitiative.ca\/International\/wp-json\/wp\/v2\/users\/1737"}],"replies":[{"embeddable":true,"href":"https:\/\/linitiative.ca\/International\/wp-json\/wp\/v2\/comments?post=61243"}],"version-history":[{"count":0,"href":"https:\/\/linitiative.ca\/International\/wp-json\/wp\/v2\/posts\/61243\/revisions"}],"wp:attachment":[{"href":"https:\/\/linitiative.ca\/International\/wp-json\/wp\/v2\/media?parent=61243"}],"wp:term":[{"taxonomy":"category","embeddable":true,"href":"https:\/\/linitiative.ca\/International\/wp-json\/wp\/v2\/categories?post=61243"},{"taxonomy":"post_tag","embeddable":true,"href":"https:\/\/linitiative.ca\/International\/wp-json\/wp\/v2\/tags?post=61243"}],"curies":[{"name":"wp","href":"https:\/\/api.w.org\/{rel}","templated":true}]}}