{"id":61244,"date":"2019-09-15T15:45:56","date_gmt":"2019-09-15T19:45:56","guid":{"rendered":"https:\/\/linitiative.ca\/International\/manque-de-livres-scolaires-colere-chez-les-eleves-et-leurs-parents\/"},"modified":"2019-09-15T15:45:56","modified_gmt":"2019-09-15T19:45:56","slug":"manque-de-livres-scolaires-colere-chez-les-eleves-et-leurs-parents","status":"publish","type":"post","link":"https:\/\/linitiative.ca\/International\/manque-de-livres-scolaires-colere-chez-les-eleves-et-leurs-parents\/","title":{"rendered":"Manque de livres scolaires : Col\u00e8re chez les \u00e9l\u00e8ves et leurs parents"},"content":{"rendered":"<p><strong>Le probl\u00e8me de la disponibilit\u00e9 du manuel scolaire refait surface, cette ann\u00e9e encore, malgr\u00e9 les assurances du ministre de l\u2019Education nationale, qui avait affirm\u00e9 qu\u2019environ 50 000 livres seraient imprim\u00e9s au titre de l\u2019ann\u00e9e scolaire 2019-2020. Ce probl\u00e8me revient chaque ann\u00e9e, et provoque la col\u00e8re des \u00e9l\u00e8ves, de leurs parents et de toutes la famille \u00e9ducative, qui ne croient plus aux d\u00e9clarations des responsables.<\/strong><\/p>\n<p>Cens\u00e9s \u00eatre \u00e0 la disposition des \u00e9l\u00e8ves d\u00e8s le premier jour de la rentr\u00e9e scolaire, certains livres scolaires sont introuvables dans certains \u00e9tablissements scolaires, notamment les lyc\u00e9es et les CEM, et ce \u00e0 travers le territoire national. Les parents d\u2019\u00e9l\u00e8ves, \u00e0 leur tour, se trouvent contraints de se rabattre sur les librairies et sur les points de vente de l\u2019Office national des publications scolaires (ONPS) et de passer de longues heures afin d\u2019acqu\u00e9rir les livres qui leur manquent. Deux semaines apr\u00e8s la rentr\u00e9e scolaire, plusieurs \u00e9l\u00e8ves se plaignent de l\u2019indisponibilit\u00e9 du manuel scolaire alors que beaucoup d\u2019enseignants ont d\u00e9j\u00e0 commenc\u00e9 le programme. Sans livres, la scolarisation s\u2019av\u00e8re incompl\u00e8te et les \u00e9l\u00e8ves ont du mal \u00e0 suivre en classe.<\/p>\n<p>Munis de listes de livres manquants, des parents d\u2019\u00e9l\u00e8ves, rencontr\u00e9s \u00e0 Boumerd\u00e8s, rel\u00e8vent avec amertume le manque flagrant de manuels scolaires dans certains \u00e9tablissements scolaires. \u00ab\u00a0Les livres de langue arabe et de math\u00e9matique font d\u00e9faut au CEM o\u00f9 j\u2019ai inscrit mon fils, ce qui m\u2019a oblig\u00e9 \u00e0 me tourner vers les librairies priv\u00e9es, et encore je ne suis pas s\u00fbr de les trouver\u00a0\u00bb, a indiqu\u00e9 un parent d\u2019\u00e9l\u00e8ve. Un autre p\u00e8re de famille nous fait savoir qu\u2019\u00e0 la librairie du quartier o\u00f9 il habite, certains livres sont introuvables pour le moment mais seront disponibles prochainement, selon le libraire. Pour sa part, Abdelhakim, propri\u00e9taire d\u2019une librairie priv\u00e9e \u00e0 Boudouaou, constate avec amertume la r\u00e9currence de ce probl\u00e8me. \u00ab\u00a0Chaque ann\u00e9e, \u00e0 chaque rentr\u00e9e scolaire, le probl\u00e8me du manque de livres scolaires devient un vrai casse-t\u00eate pour les parents d\u2019\u00e9l\u00e8ves.<\/p>\n<p>Ces derniers nous sollicitent quotidiennement pour s\u2019enqu\u00e9rir de la disponibilit\u00e9 ou non des livres\u00a0\u00bb, a-t-il d\u00e9plor\u00e9, ajoutant que \u00ab\u00a0cette ann\u00e9e, le ministre a pris la d\u00e9cision de vendre les livres dans les \u00e9coles, alors je ne sais pas si le probl\u00e8me persiste aujourd\u2019hui ou non\u00a0\u00bb. Contact\u00e9 par nos soins, le secr\u00e9taire g\u00e9n\u00e9ral du Syndicat autonome des travailleurs de l\u2019\u00e9ducation et de la formation (Satef), Boualem Amoura, a fait savoir que le probl\u00e8me de la disponibilit\u00e9 du livre scolaire revient chaque ann\u00e9e, et ce malgr\u00e9 les assurances du minist\u00e8re. \u00ab\u00a0Pourquoi le livre scolaire se fait-il rare dans les \u00e9tablissements scolaires, et est-il disponible dans les librairies priv\u00e9es\u00a0?\u00a0\u00bb, s\u2019est interrog\u00e9 M.\u00a0Amoura, qui n\u2019h\u00e9site pas \u00e0 pointer du doigt certains directeurs d\u2019\u00e9tablissements scolaires qui font du business avec le livre scolaire, l\u2019\u00e9loignant ainsi de son but \u00e9ducatif. Selon lui, \u00ab\u00a0certains directeurs vendent les quotas de livres scolaires r\u00e9serv\u00e9s \u00e0 leurs \u00e9tablissements \u00e0 des libraires priv\u00e9s et distribuent les anciens livres aux \u00e9l\u00e8ves\u00a0\u00bb. \u00ab\u00a0C\u2019est un v\u00e9ritable business, et tout le monde, trouve son compte\u00a0\u00bb, a-t-il d\u00e9plor\u00e9 d\u00e9sol\u00e9. Pour le SG du SATEF, le minist\u00e8re n\u2019a pas besoin d\u2019imprimer des millions de livres chaque ann\u00e9e. \u00ab\u00a065 millions de livres chaque ann\u00e9e, c\u2019est \u00e9norme. C\u2019est du gaspillage\u00a0\u00bb, rel\u00e8ve notre interlocuteur. Ce dernier rel\u00e8ve un autre probl\u00e8me, celui du transport des livres. Selon lui, les P\/APC ne mettent pas \u00e0 la disposition des directeurs d\u2019\u00e9tablissements scolaires les moyens de transport pour aller chercher ces livres aupr\u00e8s des CRDDP. \u00ab\u00a0Parfois, les chefs d\u2019\u00e9tablissements se trouvent dans<\/p>\n<p>l\u2019obligation de se d\u00e9placer par leurs propres moyens pour r\u00e9cup\u00e9rer les livres\u00a0\u00bb, a-t-il soulign\u00e9. Il faut rappeler que le ministre de l\u2019Education nationale, Abdelhakim Belabed, avait fait \u00e9tat, \u00e0 la veille de la rentr\u00e9e scolaire, de l\u2019impression, au titre de la rentr\u00e9e scolaire 2019-2020, de 50 millions de livres scolaires, tous cycles confondus, et avait assur\u00e9 leur distribution aux \u00e9tablissements \u00e9ducatifs via les diff\u00e9rents centres relevant de l\u2019Office national des publications scolaires (ONPS). Ajoutons \u00e0 ce nombre un quota suppl\u00e9mentaire de 30 millions de livres, stocks de l\u2019ann\u00e9e derni\u00e8re, qui seront \u00e0 la disposition des \u00e9l\u00e8ves d\u00e8s le premier jour de la rentr\u00e9e scolaire.<\/p>\n<p>Auteur: Boudjedri<br \/>\n<a href=\"http:\/\/www.jeune-independant.net\/Manque-de-livres-scolaires-Colere.html\">Cliquez ici pour lire l&rsquo;article depuis sa source.<\/a><\/p>\n","protected":false},"excerpt":{"rendered":"<p>Le probl\u00e8me de la disponibilit\u00e9 du manuel scolaire refait surface, cette ann\u00e9e encore, malgr\u00e9 les assurances du ministre de l\u2019Education nationale, qui avait affirm\u00e9 qu\u2019environ 50 000 livres seraient imprim\u00e9s au titre de l\u2019ann\u00e9e scolaire 2019-2020. Ce probl\u00e8me revient chaque ann\u00e9e, et provoque la col\u00e8re des \u00e9l\u00e8ves, de leurs parents et de toutes la famille [&hellip;]<\/p>\n","protected":false},"author":1737,"featured_media":0,"comment_status":"closed","ping_status":"closed","sticky":false,"template":"","format":"standard","meta":{"fifu_image_url":"","fifu_image_alt":"","footnotes":""},"categories":[73,53],"tags":[],"class_list":["post-61244","post","type-post","status-publish","format-standard","hentry","category-actualite","category-algerie"],"_links":{"self":[{"href":"https:\/\/linitiative.ca\/International\/wp-json\/wp\/v2\/posts\/61244","targetHints":{"allow":["GET"]}}],"collection":[{"href":"https:\/\/linitiative.ca\/International\/wp-json\/wp\/v2\/posts"}],"about":[{"href":"https:\/\/linitiative.ca\/International\/wp-json\/wp\/v2\/types\/post"}],"author":[{"embeddable":true,"href":"https:\/\/linitiative.ca\/International\/wp-json\/wp\/v2\/users\/1737"}],"replies":[{"embeddable":true,"href":"https:\/\/linitiative.ca\/International\/wp-json\/wp\/v2\/comments?post=61244"}],"version-history":[{"count":0,"href":"https:\/\/linitiative.ca\/International\/wp-json\/wp\/v2\/posts\/61244\/revisions"}],"wp:attachment":[{"href":"https:\/\/linitiative.ca\/International\/wp-json\/wp\/v2\/media?parent=61244"}],"wp:term":[{"taxonomy":"category","embeddable":true,"href":"https:\/\/linitiative.ca\/International\/wp-json\/wp\/v2\/categories?post=61244"},{"taxonomy":"post_tag","embeddable":true,"href":"https:\/\/linitiative.ca\/International\/wp-json\/wp\/v2\/tags?post=61244"}],"curies":[{"name":"wp","href":"https:\/\/api.w.org\/{rel}","templated":true}]}}