{"id":61245,"date":"2019-09-15T16:09:27","date_gmt":"2019-09-15T20:09:27","guid":{"rendered":"https:\/\/linitiative.ca\/International\/une-marche-contre-la-tenue-delections-reprimee-a-constantine\/"},"modified":"2019-09-15T16:09:27","modified_gmt":"2019-09-15T20:09:27","slug":"une-marche-contre-la-tenue-delections-reprimee-a-constantine","status":"publish","type":"post","link":"https:\/\/linitiative.ca\/International\/une-marche-contre-la-tenue-delections-reprimee-a-constantine\/","title":{"rendered":"Une marche \u00ab contre la tenue d&rsquo;\u00e9lections \u00bb r\u00e9prim\u00e9e \u00e0 Constantine"},"content":{"rendered":"<p><br class=\"autobr\"\/><br \/>\nUne dizaine de personnes, dont deux journalistes, ont \u00e9t\u00e9 interpell\u00e9es ce dimanche lors d\u2019une manifestation organis\u00e9e au centre-ville de Constantine. Dans la continuit\u00e9 des marches citoyennes qui se tiennent depuis le 22 f\u00e9vrier, des centaines de personnes, hommes et femmes, se sont rassembl\u00e9es ce dimanche \u00e0 la mi-journ\u00e9e au niveau du centre culturel Mohamed-Laid-Al-Khalifa afin de marquer leur opposition \u00e0 la tenue d\u2019\u00e9lections pr\u00e9sidentielles. Une manifestation violemment r\u00e9prim\u00e9e par le service d\u2019ordre, bien qu\u2019elle se soit d\u00e9roul\u00e9e dans le calme. Omar Chabbi, propri\u00e9taire du site \u00e9lectronique d\u2019information \u00ab\u00a0Times-News\u00a0\u00bb et l\u2019ex-chef du bureau du quotidien El Watan, Nouri Nesrouche, \u00e9taient parmi les personnes men\u00e9es au poste. Les manifestants arr\u00eat\u00e9s ont \u00e9t\u00e9 conduits au commissariat. A la derni\u00e8re minute on apprend, toutefois, que l\u2019un des deux journalistes a \u00e9t\u00e9 rel\u00e2ch\u00e9.<\/p>\n<p><br class=\"autobr\"\/><br \/>\nL\u2019installation de la commission de pr\u00e9paration des \u00e9lections et l\u2019annonce faite via la radio nationale quant \u00e0 l\u2019allocution du chef de l\u2019Etat par int\u00e9rim, Abdelkader Bensalah, pr\u00e9vue dans la soir\u00e9e de ce dimanche, a exacerb\u00e9 la col\u00e8re des manifestants lesquels avaient scand\u00e9 vendredi, lors du trenti\u00e8me week-end de la r\u00e9volution citoyenne, leur refus de voir le pays plonger dans une nouvelle crise politique, tout en \u00e9cartant l\u2019\u00e9ventualit\u00e9 de \u00ab\u00a0laisser les d\u00e9tenteurs actuels du pouvoir organiser des \u00e9lections dans de pareilles conditions\u00a0\u00bb, a lanc\u00e9 un des manifestants.<\/p>\n<p><br class=\"autobr\"\/><br \/>\nLa marche du vendredi s\u2019est pourtant d\u00e9roul\u00e9e sans aucun incident. Les renforts de la police anti-\u00e9meute, positionn\u00e9es au niveau de plusieurs points de la ville n\u2019ont pas eu \u00e0 intervenir, bien que des incidents aient \u00e9t\u00e9 enregistr\u00e9s le m\u00eame jour dans la capitale.<\/p>\n<p>Auteur: Boudjedri<br \/>\n<a href=\"http:\/\/www.jeune-independant.net\/Une-marche-contre-la-tenue-d.html\">Cliquez ici pour lire l&rsquo;article depuis sa source.<\/a><\/p>\n","protected":false},"excerpt":{"rendered":"<p>Une dizaine de personnes, dont deux journalistes, ont \u00e9t\u00e9 interpell\u00e9es ce dimanche lors d\u2019une manifestation organis\u00e9e au centre-ville de Constantine. Dans la continuit\u00e9 des marches citoyennes qui se tiennent depuis le 22 f\u00e9vrier, des centaines de personnes, hommes et femmes, se sont rassembl\u00e9es ce dimanche \u00e0 la mi-journ\u00e9e au niveau du centre culturel Mohamed-Laid-Al-Khalifa afin [&hellip;]<\/p>\n","protected":false},"author":1737,"featured_media":0,"comment_status":"closed","ping_status":"closed","sticky":false,"template":"","format":"standard","meta":{"fifu_image_url":"","fifu_image_alt":"","footnotes":""},"categories":[73,53],"tags":[],"class_list":["post-61245","post","type-post","status-publish","format-standard","hentry","category-actualite","category-algerie"],"_links":{"self":[{"href":"https:\/\/linitiative.ca\/International\/wp-json\/wp\/v2\/posts\/61245","targetHints":{"allow":["GET"]}}],"collection":[{"href":"https:\/\/linitiative.ca\/International\/wp-json\/wp\/v2\/posts"}],"about":[{"href":"https:\/\/linitiative.ca\/International\/wp-json\/wp\/v2\/types\/post"}],"author":[{"embeddable":true,"href":"https:\/\/linitiative.ca\/International\/wp-json\/wp\/v2\/users\/1737"}],"replies":[{"embeddable":true,"href":"https:\/\/linitiative.ca\/International\/wp-json\/wp\/v2\/comments?post=61245"}],"version-history":[{"count":0,"href":"https:\/\/linitiative.ca\/International\/wp-json\/wp\/v2\/posts\/61245\/revisions"}],"wp:attachment":[{"href":"https:\/\/linitiative.ca\/International\/wp-json\/wp\/v2\/media?parent=61245"}],"wp:term":[{"taxonomy":"category","embeddable":true,"href":"https:\/\/linitiative.ca\/International\/wp-json\/wp\/v2\/categories?post=61245"},{"taxonomy":"post_tag","embeddable":true,"href":"https:\/\/linitiative.ca\/International\/wp-json\/wp\/v2\/tags?post=61245"}],"curies":[{"name":"wp","href":"https:\/\/api.w.org\/{rel}","templated":true}]}}